{"id":292,"date":"2020-10-14T16:21:50","date_gmt":"2020-10-14T19:21:50","guid":{"rendered":"http:\/\/www.fleschadvogados.com.br\/publicacoes\/esther-flesch-discute-compliance-nos-escritorios-de-advocacia-na-oab-sp\/"},"modified":"2020-10-14T16:21:50","modified_gmt":"2020-10-14T19:21:50","slug":"esther-flesch-discute-compliance-nos-escritorios-de-advocacia-na-oab-sp","status":"publish","type":"post","link":"https:\/\/www.fleschadvogados.com.br\/en\/publicacoes\/esther-flesch-discute-compliance-nos-escritorios-de-advocacia-na-oab-sp\/","title":{"rendered":"Esther Flesch discute compliance nos escrit\u00f3rios de advocacia na OAB-SP"},"content":{"rendered":"<p>Esther Flesch, s\u00f3cia e fundadora do Flesch Advogados, esteve na OAB-SP para falar sobre compliance nos escrit\u00f3rios de advocacia no \u00faltima dia 13 de agosto. A palestra fez parte da Jornada Jur\u00eddica, promovida pela seccional de S\u00e3o Paulo em comemora\u00e7\u00e3o ao m\u00eas da advocacia. O evento contou com transmiss\u00e3o ao vivo pelas redes sociais.<\/p>\n<p>Para os que n\u00e3o puderam comparecer ou assistir \u00e0 transmiss\u00e3o ao vivo a palestra est\u00e1 dispon\u00edvel abaixo:<\/p>\n<p><iframe title=\"Esther Flesch na OAB-SP: Compliance nos escrito\u0301rios de advocacia\" width=\"640\" height=\"360\" src=\"https:\/\/www.youtube.com\/embed\/LTgpCpSsT7U?feature=oembed\" frameborder=\"0\" allow=\"accelerometer; autoplay; clipboard-write; encrypted-media; gyroscope; picture-in-picture\" allowfullscreen><\/iframe><\/p>\n<p><strong>Esther Flesch<\/strong> conta com 30 anos de experi\u00eancia e \u00e9 reconhecida por diversas publica\u00e7\u00f5es especializadas de prest\u00edgio como um das principais profissionais no Brasil e na Am\u00e9rica Latina nas \u00e1reas de compliance e investiga\u00e7\u00f5es internas. Tem atua\u00e7\u00e3o destacada tamb\u00e9m nos segmentos de LifeSciences e Sa\u00fade, na ind\u00fastria digital e de TI. \u00c9 s\u00f3cia-fundadora do Flesch Advogados.<\/p>\n","protected":false},"excerpt":{"rendered":"<p>Esther Flesch, s\u00f3cia e fundadora do Flesch Advogados, esteve na OAB-SP para falar sobre compliance nos escrit\u00f3rios de advocacia no \u00faltima dia 13 de agosto. A palestra fez parte da Jornada Jur\u00eddica, promovida pela seccional de S\u00e3o Paulo em comemora\u00e7\u00e3o ao m\u00eas da advocacia. O evento contou com transmiss\u00e3o ao vivo pelas redes sociais. Para [&hellip;]<\/p>\n","protected":false},"author":2,"featured_media":220,"comment_status":"open","ping_status":"open","sticky":false,"template":"","format":"standard","meta":[],"categories":[31],"tags":[34,46],"yoast_head":"<!-- This site is optimized with the Yoast SEO plugin v16.1.1 - https:\/\/yoast.com\/wordpress\/plugins\/seo\/ -->\n<title>Esther Flesch discute compliance nos escrit\u00f3rios de advocacia na OAB-SP | Flesch Advogados<\/title>\n<meta name=\"robots\" content=\"index, follow, max-snippet:-1, max-image-preview:large, max-video-preview:-1\" \/>\n<link rel=\"canonical\" href=\"https:\/\/www.fleschadvogados.com.br\/en\/publicacoes\/esther-flesch-discute-compliance-nos-escritorios-de-advocacia-na-oab-sp\/\" \/>\n<meta property=\"og:locale\" content=\"en_US\" \/>\n<meta property=\"og:type\" content=\"article\" \/>\n<meta property=\"og:title\" content=\"Esther Flesch discute compliance nos escrit\u00f3rios de advocacia na OAB-SP | Flesch Advogados\" \/>\n<meta property=\"og:description\" content=\"Esther Flesch, s\u00f3cia e fundadora do Flesch Advogados, esteve na OAB-SP para falar sobre compliance nos escrit\u00f3rios de advocacia no \u00faltima dia 13 de agosto. A palestra fez parte da Jornada Jur\u00eddica, promovida pela seccional de S\u00e3o Paulo em comemora\u00e7\u00e3o ao m\u00eas da advocacia. O evento contou com transmiss\u00e3o ao vivo pelas redes sociais. Para [&hellip;]\" \/>\n<meta property=\"og:url\" content=\"https:\/\/www.fleschadvogados.com.br\/en\/publicacoes\/esther-flesch-discute-compliance-nos-escritorios-de-advocacia-na-oab-sp\/\" \/>\n<meta property=\"og:site_name\" content=\"Flesch Advogados\" \/>\n<meta property=\"article:published_time\" content=\"2020-10-14T19:21:50+00:00\" \/>\n<meta property=\"og:image\" content=\"https:\/\/www.fleschadvogados.com.br\/wp-content\/uploads\/2020\/10\/esther-flesch-oab.jpeg\" \/>\n\t<meta property=\"og:image:width\" content=\"935\" \/>\n\t<meta property=\"og:image:height\" content=\"551\" \/>\n<meta name=\"twitter:card\" content=\"summary_large_image\" \/>\n<meta name=\"twitter:label1\" content=\"Est. reading time\">\n\t<meta name=\"twitter:data1\" content=\"1 minute\">\n<script type=\"application\/ld+json\" class=\"yoast-schema-graph\">{\"@context\":\"https:\/\/schema.org\",\"@graph\":[{\"@type\":\"Organization\",\"@id\":\"https:\/\/www.fleschadvogados.com.br\/#organization\",\"name\":\"Flesch Advogados\",\"url\":\"https:\/\/www.fleschadvogados.com.br\/\",\"sameAs\":[\"https:\/\/www.linkedin.com\/company\/fleschadvogados\/\"],\"logo\":{\"@type\":\"ImageObject\",\"@id\":\"https:\/\/www.fleschadvogados.com.br\/#logo\",\"inLanguage\":\"en-US\",\"url\":\"https:\/\/www.fleschadvogados.com.br\/wp-content\/uploads\/2021\/02\/cropped-favicon.png\",\"contentUrl\":\"https:\/\/www.fleschadvogados.com.br\/wp-content\/uploads\/2021\/02\/cropped-favicon.png\",\"width\":512,\"height\":512,\"caption\":\"Flesch Advogados\"},\"image\":{\"@id\":\"https:\/\/www.fleschadvogados.com.br\/#logo\"}},{\"@type\":\"WebSite\",\"@id\":\"https:\/\/www.fleschadvogados.com.br\/#website\",\"url\":\"https:\/\/www.fleschadvogados.com.br\/\",\"name\":\"Flesch Advogados\",\"description\":\"Compliance and reliability\",\"publisher\":{\"@id\":\"https:\/\/www.fleschadvogados.com.br\/#organization\"},\"potentialAction\":[{\"@type\":\"SearchAction\",\"target\":\"https:\/\/www.fleschadvogados.com.br\/?s={search_term_string}\",\"query-input\":\"required name=search_term_string\"}],\"inLanguage\":\"en-US\"},{\"@type\":\"ImageObject\",\"@id\":\"https:\/\/www.fleschadvogados.com.br\/en\/publicacoes\/esther-flesch-discute-compliance-nos-escritorios-de-advocacia-na-oab-sp\/#primaryimage\",\"inLanguage\":\"en-US\",\"url\":\"https:\/\/www.fleschadvogados.com.br\/wp-content\/uploads\/2020\/10\/esther-flesch-oab.jpeg\",\"contentUrl\":\"https:\/\/www.fleschadvogados.com.br\/wp-content\/uploads\/2020\/10\/esther-flesch-oab.jpeg\",\"width\":935,\"height\":551},{\"@type\":\"WebPage\",\"@id\":\"https:\/\/www.fleschadvogados.com.br\/en\/publicacoes\/esther-flesch-discute-compliance-nos-escritorios-de-advocacia-na-oab-sp\/#webpage\",\"url\":\"https:\/\/www.fleschadvogados.com.br\/en\/publicacoes\/esther-flesch-discute-compliance-nos-escritorios-de-advocacia-na-oab-sp\/\",\"name\":\"Esther Flesch discute compliance nos escrit\\u00f3rios de advocacia na OAB-SP | Flesch Advogados\",\"isPartOf\":{\"@id\":\"https:\/\/www.fleschadvogados.com.br\/#website\"},\"primaryImageOfPage\":{\"@id\":\"https:\/\/www.fleschadvogados.com.br\/en\/publicacoes\/esther-flesch-discute-compliance-nos-escritorios-de-advocacia-na-oab-sp\/#primaryimage\"},\"datePublished\":\"2020-10-14T19:21:50+00:00\",\"dateModified\":\"2020-10-14T19:21:50+00:00\",\"breadcrumb\":{\"@id\":\"https:\/\/www.fleschadvogados.com.br\/en\/publicacoes\/esther-flesch-discute-compliance-nos-escritorios-de-advocacia-na-oab-sp\/#breadcrumb\"},\"inLanguage\":\"en-US\",\"potentialAction\":[{\"@type\":\"ReadAction\",\"target\":[\"https:\/\/www.fleschadvogados.com.br\/en\/publicacoes\/esther-flesch-discute-compliance-nos-escritorios-de-advocacia-na-oab-sp\/\"]}]},{\"@type\":\"BreadcrumbList\",\"@id\":\"https:\/\/www.fleschadvogados.com.br\/en\/publicacoes\/esther-flesch-discute-compliance-nos-escritorios-de-advocacia-na-oab-sp\/#breadcrumb\",\"itemListElement\":[{\"@type\":\"ListItem\",\"position\":1,\"item\":{\"@type\":\"WebPage\",\"@id\":\"https:\/\/www.fleschadvogados.com.br\/en\/\",\"url\":\"https:\/\/www.fleschadvogados.com.br\/en\/\",\"name\":\"In\\u00edcio\"}},{\"@type\":\"ListItem\",\"position\":2,\"item\":{\"@type\":\"WebPage\",\"@id\":\"https:\/\/www.fleschadvogados.com.br\/en\/publicacoes\/esther-flesch-discute-compliance-nos-escritorios-de-advocacia-na-oab-sp\/\",\"url\":\"https:\/\/www.fleschadvogados.com.br\/en\/publicacoes\/esther-flesch-discute-compliance-nos-escritorios-de-advocacia-na-oab-sp\/\",\"name\":\"Esther Flesch discute compliance nos escrit\\u00f3rios de advocacia na OAB-SP\"}}]},{\"@type\":\"Article\",\"@id\":\"https:\/\/www.fleschadvogados.com.br\/en\/publicacoes\/esther-flesch-discute-compliance-nos-escritorios-de-advocacia-na-oab-sp\/#article\",\"isPartOf\":{\"@id\":\"https:\/\/www.fleschadvogados.com.br\/en\/publicacoes\/esther-flesch-discute-compliance-nos-escritorios-de-advocacia-na-oab-sp\/#webpage\"},\"author\":{\"@id\":\"https:\/\/www.fleschadvogados.com.br\/#\/schema\/person\/5be7772b3a6bbeee337c76cf251fc716\"},\"headline\":\"Esther Flesch discute compliance nos escrit\\u00f3rios de advocacia na OAB-SP\",\"datePublished\":\"2020-10-14T19:21:50+00:00\",\"dateModified\":\"2020-10-14T19:21:50+00:00\",\"mainEntityOfPage\":{\"@id\":\"https:\/\/www.fleschadvogados.com.br\/en\/publicacoes\/esther-flesch-discute-compliance-nos-escritorios-de-advocacia-na-oab-sp\/#webpage\"},\"commentCount\":0,\"publisher\":{\"@id\":\"https:\/\/www.fleschadvogados.com.br\/#organization\"},\"image\":{\"@id\":\"https:\/\/www.fleschadvogados.com.br\/en\/publicacoes\/esther-flesch-discute-compliance-nos-escritorios-de-advocacia-na-oab-sp\/#primaryimage\"},\"keywords\":\"Compliance,OAB-SP\",\"articleSection\":\"Events\",\"inLanguage\":\"en-US\",\"potentialAction\":[{\"@type\":\"CommentAction\",\"name\":\"Comment\",\"target\":[\"https:\/\/www.fleschadvogados.com.br\/en\/publicacoes\/esther-flesch-discute-compliance-nos-escritorios-de-advocacia-na-oab-sp\/#respond\"]}]},{\"@type\":\"Person\",\"@id\":\"https:\/\/www.fleschadvogados.com.br\/#\/schema\/person\/5be7772b3a6bbeee337c76cf251fc716\",\"name\":\"Esther Flesch\",\"image\":{\"@type\":\"ImageObject\",\"@id\":\"https:\/\/www.fleschadvogados.com.br\/#personlogo\",\"inLanguage\":\"en-US\",\"url\":\"https:\/\/www.fleschadvogados.com.br\/wp-content\/uploads\/2020\/10\/esther.jpg\",\"contentUrl\":\"https:\/\/www.fleschadvogados.com.br\/wp-content\/uploads\/2020\/10\/esther.jpg\",\"caption\":\"Esther Flesch\"},\"description\":\"Esther Flesch conta com 30 anos de experi\\u00eancia e \\u00e9 reconhecida por diversas publica\\u00e7\\u00f5es especializadas como um das principais profissionais no Brasil e na Am\\u00e9rica Latina nas \\u00e1reas de compliance e investiga\\u00e7\\u00f5es internas. Tem atua\\u00e7\\u00e3o destacada tamb\\u00e9m nos segmentos de LifeSciences e Sa\\u00fade, na ind\\u00fastria digital e de TI.\"}]}<\/script>\n<!-- \/ Yoast SEO plugin. -->","_links":{"self":[{"href":"https:\/\/www.fleschadvogados.com.br\/en\/wp-json\/wp\/v2\/posts\/292"}],"collection":[{"href":"https:\/\/www.fleschadvogados.com.br\/en\/wp-json\/wp\/v2\/posts"}],"about":[{"href":"https:\/\/www.fleschadvogados.com.br\/en\/wp-json\/wp\/v2\/types\/post"}],"author":[{"embeddable":true,"href":"https:\/\/www.fleschadvogados.com.br\/en\/wp-json\/wp\/v2\/users\/2"}],"replies":[{"embeddable":true,"href":"https:\/\/www.fleschadvogados.com.br\/en\/wp-json\/wp\/v2\/comments?post=292"}],"version-history":[{"count":0,"href":"https:\/\/www.fleschadvogados.com.br\/en\/wp-json\/wp\/v2\/posts\/292\/revisions"}],"wp:featuredmedia":[{"embeddable":true,"href":"https:\/\/www.fleschadvogados.com.br\/en\/wp-json\/wp\/v2\/media\/220"}],"wp:attachment":[{"href":"https:\/\/www.fleschadvogados.com.br\/en\/wp-json\/wp\/v2\/media?parent=292"}],"wp:term":[{"taxonomy":"category","embeddable":true,"href":"https:\/\/www.fleschadvogados.com.br\/en\/wp-json\/wp\/v2\/categories?post=292"},{"taxonomy":"post_tag","embeddable":true,"href":"https:\/\/www.fleschadvogados.com.br\/en\/wp-json\/wp\/v2\/tags?post=292"}],"curies":[{"name":"wp","href":"https:\/\/api.w.org\/{rel}","templated":true}]}}