{"id":293,"date":"2019-05-22T15:19:08","date_gmt":"2019-05-22T18:19:08","guid":{"rendered":"http:\/\/www.fleschadvogados.com.br\/publicacoes\/assista-a-palestra-de-esther-flesch-na-oab-sp-sobre-investigacoes-internas-e-defensivas\/"},"modified":"2020-10-14T16:22:12","modified_gmt":"2020-10-14T19:22:12","slug":"assista-a-palestra-de-esther-flesch-na-oab-sp-sobre-investigacoes-internas-e-defensivas","status":"publish","type":"post","link":"https:\/\/www.fleschadvogados.com.br\/en\/publicacoes\/assista-a-palestra-de-esther-flesch-na-oab-sp-sobre-investigacoes-internas-e-defensivas\/","title":{"rendered":"Assista a palestra de Esther Flesch na OAB-SP sobre investiga\u00e7\u00f5es internas e defensivas"},"content":{"rendered":"<p>A advogada\u00a0<strong>Esther Flesch<\/strong>\u00a0\u2013 s\u00f3cia-fundador do\u00a0<a href=\"https:\/\/www.linkedin.com\/company\/fleschadvogados\" target=\"_blank\" rel=\"noopener noreferrer\">Flesch Advogados<\/a>\u00a0\u2013 foi convidada pela OAB-SP para discutir as consequ\u00eancias do rec\u00e9m-aprovado Provimento 188\/2.018 da OAB, que regulamenta o exerc\u00edcio da prerrogativa profissional do advogado de realizar dilig\u00eancias investigat\u00f3rias.<span id=\"more-195\"><\/span><\/p>\n<p>A palestra, realizada em 21 de maio de 2019, tratou das melhores pr\u00e1ticas em investiga\u00e7\u00f5es internas e abordou uma s\u00e9rie de outras quest\u00f5es relevantes referentes \u00e0s consequ\u00eancias do provimento.<\/p>\n<p>Assista, a seguir, o v\u00eddeo completo do evento, disponibilizado pela OAB-SP, e que contou com a presen\u00e7a de <strong>Josu\u00e9 Berger de Assump\u00e7\u00e3o Neto<\/strong> do Assump\u00e7\u00e3o &amp; Advogados Associados como presidente da mesa representando a OAB-SP, do desembargador do TJSP e presidente da Academia Paulista de Direito (APD) <strong>Alfredo Atti\u00e9 Jr.<\/strong> e de <strong>Pedro Ciccone<\/strong> do Ciccone do Castro &amp; Damian Advogados, que tamb\u00e9m fizeram parte da mesa.<\/p>\n<p><iframe title=\"As Melhores Pr\u00e1ticas em Investiga\u00e7\u00f5es Internas e o Provimento 188\/2.018 do Conselho Federal da OAB\" width=\"640\" height=\"360\" src=\"https:\/\/www.youtube.com\/embed\/DYQgvOWPuPI?feature=oembed\" frameborder=\"0\" allow=\"accelerometer; autoplay; clipboard-write; encrypted-media; gyroscope; picture-in-picture\" allowfullscreen><\/iframe><\/p>\n<p>E para ter acesso \u00e0\u00a0<a href=\"http:\/\/bit.ly\/palestraeflesch188\" target=\"_blank\" rel=\"noopener noreferrer\">apresenta\u00e7\u00e3o completa em PDF clique aqui<\/a>.<\/p>\n<p><strong>Esther Flesch<\/strong>\u00a0conta com 30 anos de experi\u00eancia e \u00e9 reconhecida por diversas publica\u00e7\u00f5es especializadas de prest\u00edgio como um das principais profissionais no Brasil e na Am\u00e9rica Latina nas \u00e1reas de compliance e investiga\u00e7\u00f5es internas. Tem atua\u00e7\u00e3o destacada tamb\u00e9m nos segmentos de LifeSciences e Sa\u00fade, na ind\u00fastria digital e de TI. \u00c9 s\u00f3cia-fundadora do\u00a0<a href=\"https:\/\/pt.linkedin.com\/company\/fleschadvogados\" target=\"_blank\" rel=\"noopener noreferrer\">Flesch Advogados<\/a>.<\/p>\n","protected":false},"excerpt":{"rendered":"<p>A advogada\u00a0Esther Flesch\u00a0\u2013 s\u00f3cia-fundador do\u00a0Flesch Advogados\u00a0\u2013 foi convidada pela OAB-SP para discutir as consequ\u00eancias do rec\u00e9m-aprovado Provimento 188\/2.018 da OAB, que regulamenta o exerc\u00edcio da prerrogativa profissional do advogado de realizar dilig\u00eancias investigat\u00f3rias. A palestra, realizada em 21 de maio de 2019, tratou das melhores pr\u00e1ticas em investiga\u00e7\u00f5es internas e abordou uma s\u00e9rie de outras [&hellip;]<\/p>\n","protected":false},"author":2,"featured_media":225,"comment_status":"open","ping_status":"open","sticky":false,"template":"","format":"standard","meta":[],"categories":[31],"tags":[46,47],"yoast_head":"<!-- This site is optimized with the Yoast SEO plugin v16.1.1 - https:\/\/yoast.com\/wordpress\/plugins\/seo\/ -->\n<title>Assista a palestra de Esther Flesch na OAB-SP sobre investiga\u00e7\u00f5es internas e defensivas | Flesch Advogados<\/title>\n<meta name=\"robots\" content=\"index, follow, max-snippet:-1, max-image-preview:large, max-video-preview:-1\" \/>\n<link rel=\"canonical\" href=\"https:\/\/www.fleschadvogados.com.br\/en\/publicacoes\/assista-a-palestra-de-esther-flesch-na-oab-sp-sobre-investigacoes-internas-e-defensivas\/\" \/>\n<meta property=\"og:locale\" content=\"en_US\" \/>\n<meta property=\"og:type\" content=\"article\" \/>\n<meta property=\"og:title\" content=\"Assista a palestra de Esther Flesch na OAB-SP sobre investiga\u00e7\u00f5es internas e defensivas | Flesch Advogados\" \/>\n<meta property=\"og:description\" content=\"A advogada\u00a0Esther Flesch\u00a0\u2013 s\u00f3cia-fundador do\u00a0Flesch Advogados\u00a0\u2013 foi convidada pela OAB-SP para discutir as consequ\u00eancias do rec\u00e9m-aprovado Provimento 188\/2.018 da OAB, que regulamenta o exerc\u00edcio da prerrogativa profissional do advogado de realizar dilig\u00eancias investigat\u00f3rias. A palestra, realizada em 21 de maio de 2019, tratou das melhores pr\u00e1ticas em investiga\u00e7\u00f5es internas e abordou uma s\u00e9rie de outras [&hellip;]\" \/>\n<meta property=\"og:url\" content=\"https:\/\/www.fleschadvogados.com.br\/en\/publicacoes\/assista-a-palestra-de-esther-flesch-na-oab-sp-sobre-investigacoes-internas-e-defensivas\/\" \/>\n<meta property=\"og:site_name\" content=\"Flesch Advogados\" \/>\n<meta property=\"article:published_time\" content=\"2019-05-22T18:19:08+00:00\" \/>\n<meta property=\"article:modified_time\" content=\"2020-10-14T19:22:12+00:00\" \/>\n<meta property=\"og:image\" content=\"https:\/\/www.fleschadvogados.com.br\/wp-content\/uploads\/2019\/05\/esther-flesch-oab-2.jpg\" \/>\n\t<meta property=\"og:image:width\" content=\"1600\" \/>\n\t<meta property=\"og:image:height\" content=\"789\" \/>\n<meta name=\"twitter:card\" content=\"summary_large_image\" \/>\n<meta name=\"twitter:label1\" content=\"Est. reading time\">\n\t<meta name=\"twitter:data1\" content=\"1 minute\">\n<script type=\"application\/ld+json\" class=\"yoast-schema-graph\">{\"@context\":\"https:\/\/schema.org\",\"@graph\":[{\"@type\":\"Organization\",\"@id\":\"https:\/\/www.fleschadvogados.com.br\/#organization\",\"name\":\"Flesch Advogados\",\"url\":\"https:\/\/www.fleschadvogados.com.br\/\",\"sameAs\":[\"https:\/\/www.linkedin.com\/company\/fleschadvogados\/\"],\"logo\":{\"@type\":\"ImageObject\",\"@id\":\"https:\/\/www.fleschadvogados.com.br\/#logo\",\"inLanguage\":\"en-US\",\"url\":\"https:\/\/www.fleschadvogados.com.br\/wp-content\/uploads\/2021\/02\/cropped-favicon.png\",\"contentUrl\":\"https:\/\/www.fleschadvogados.com.br\/wp-content\/uploads\/2021\/02\/cropped-favicon.png\",\"width\":512,\"height\":512,\"caption\":\"Flesch Advogados\"},\"image\":{\"@id\":\"https:\/\/www.fleschadvogados.com.br\/#logo\"}},{\"@type\":\"WebSite\",\"@id\":\"https:\/\/www.fleschadvogados.com.br\/#website\",\"url\":\"https:\/\/www.fleschadvogados.com.br\/\",\"name\":\"Flesch Advogados\",\"description\":\"Compliance and reliability\",\"publisher\":{\"@id\":\"https:\/\/www.fleschadvogados.com.br\/#organization\"},\"potentialAction\":[{\"@type\":\"SearchAction\",\"target\":\"https:\/\/www.fleschadvogados.com.br\/?s={search_term_string}\",\"query-input\":\"required name=search_term_string\"}],\"inLanguage\":\"en-US\"},{\"@type\":\"ImageObject\",\"@id\":\"https:\/\/www.fleschadvogados.com.br\/en\/publicacoes\/assista-a-palestra-de-esther-flesch-na-oab-sp-sobre-investigacoes-internas-e-defensivas\/#primaryimage\",\"inLanguage\":\"en-US\",\"url\":\"https:\/\/www.fleschadvogados.com.br\/wp-content\/uploads\/2019\/05\/esther-flesch-oab-2.jpg\",\"contentUrl\":\"https:\/\/www.fleschadvogados.com.br\/wp-content\/uploads\/2019\/05\/esther-flesch-oab-2.jpg\",\"width\":1600,\"height\":789},{\"@type\":\"WebPage\",\"@id\":\"https:\/\/www.fleschadvogados.com.br\/en\/publicacoes\/assista-a-palestra-de-esther-flesch-na-oab-sp-sobre-investigacoes-internas-e-defensivas\/#webpage\",\"url\":\"https:\/\/www.fleschadvogados.com.br\/en\/publicacoes\/assista-a-palestra-de-esther-flesch-na-oab-sp-sobre-investigacoes-internas-e-defensivas\/\",\"name\":\"Assista a palestra de Esther Flesch na OAB-SP sobre investiga\\u00e7\\u00f5es internas e defensivas | Flesch Advogados\",\"isPartOf\":{\"@id\":\"https:\/\/www.fleschadvogados.com.br\/#website\"},\"primaryImageOfPage\":{\"@id\":\"https:\/\/www.fleschadvogados.com.br\/en\/publicacoes\/assista-a-palestra-de-esther-flesch-na-oab-sp-sobre-investigacoes-internas-e-defensivas\/#primaryimage\"},\"datePublished\":\"2019-05-22T18:19:08+00:00\",\"dateModified\":\"2020-10-14T19:22:12+00:00\",\"breadcrumb\":{\"@id\":\"https:\/\/www.fleschadvogados.com.br\/en\/publicacoes\/assista-a-palestra-de-esther-flesch-na-oab-sp-sobre-investigacoes-internas-e-defensivas\/#breadcrumb\"},\"inLanguage\":\"en-US\",\"potentialAction\":[{\"@type\":\"ReadAction\",\"target\":[\"https:\/\/www.fleschadvogados.com.br\/en\/publicacoes\/assista-a-palestra-de-esther-flesch-na-oab-sp-sobre-investigacoes-internas-e-defensivas\/\"]}]},{\"@type\":\"BreadcrumbList\",\"@id\":\"https:\/\/www.fleschadvogados.com.br\/en\/publicacoes\/assista-a-palestra-de-esther-flesch-na-oab-sp-sobre-investigacoes-internas-e-defensivas\/#breadcrumb\",\"itemListElement\":[{\"@type\":\"ListItem\",\"position\":1,\"item\":{\"@type\":\"WebPage\",\"@id\":\"https:\/\/www.fleschadvogados.com.br\/en\/\",\"url\":\"https:\/\/www.fleschadvogados.com.br\/en\/\",\"name\":\"In\\u00edcio\"}},{\"@type\":\"ListItem\",\"position\":2,\"item\":{\"@type\":\"WebPage\",\"@id\":\"https:\/\/www.fleschadvogados.com.br\/en\/publicacoes\/assista-a-palestra-de-esther-flesch-na-oab-sp-sobre-investigacoes-internas-e-defensivas\/\",\"url\":\"https:\/\/www.fleschadvogados.com.br\/en\/publicacoes\/assista-a-palestra-de-esther-flesch-na-oab-sp-sobre-investigacoes-internas-e-defensivas\/\",\"name\":\"Assista a palestra de Esther Flesch na OAB-SP sobre investiga\\u00e7\\u00f5es internas e defensivas\"}}]},{\"@type\":\"Article\",\"@id\":\"https:\/\/www.fleschadvogados.com.br\/en\/publicacoes\/assista-a-palestra-de-esther-flesch-na-oab-sp-sobre-investigacoes-internas-e-defensivas\/#article\",\"isPartOf\":{\"@id\":\"https:\/\/www.fleschadvogados.com.br\/en\/publicacoes\/assista-a-palestra-de-esther-flesch-na-oab-sp-sobre-investigacoes-internas-e-defensivas\/#webpage\"},\"author\":{\"@id\":\"https:\/\/www.fleschadvogados.com.br\/#\/schema\/person\/5be7772b3a6bbeee337c76cf251fc716\"},\"headline\":\"Assista a palestra de Esther Flesch na OAB-SP sobre investiga\\u00e7\\u00f5es internas e defensivas\",\"datePublished\":\"2019-05-22T18:19:08+00:00\",\"dateModified\":\"2020-10-14T19:22:12+00:00\",\"mainEntityOfPage\":{\"@id\":\"https:\/\/www.fleschadvogados.com.br\/en\/publicacoes\/assista-a-palestra-de-esther-flesch-na-oab-sp-sobre-investigacoes-internas-e-defensivas\/#webpage\"},\"commentCount\":0,\"publisher\":{\"@id\":\"https:\/\/www.fleschadvogados.com.br\/#organization\"},\"image\":{\"@id\":\"https:\/\/www.fleschadvogados.com.br\/en\/publicacoes\/assista-a-palestra-de-esther-flesch-na-oab-sp-sobre-investigacoes-internas-e-defensivas\/#primaryimage\"},\"keywords\":\"OAB-SP,Provimento 188\",\"articleSection\":\"Events\",\"inLanguage\":\"en-US\",\"potentialAction\":[{\"@type\":\"CommentAction\",\"name\":\"Comment\",\"target\":[\"https:\/\/www.fleschadvogados.com.br\/en\/publicacoes\/assista-a-palestra-de-esther-flesch-na-oab-sp-sobre-investigacoes-internas-e-defensivas\/#respond\"]}]},{\"@type\":\"Person\",\"@id\":\"https:\/\/www.fleschadvogados.com.br\/#\/schema\/person\/5be7772b3a6bbeee337c76cf251fc716\",\"name\":\"Esther Flesch\",\"image\":{\"@type\":\"ImageObject\",\"@id\":\"https:\/\/www.fleschadvogados.com.br\/#personlogo\",\"inLanguage\":\"en-US\",\"url\":\"https:\/\/www.fleschadvogados.com.br\/wp-content\/uploads\/2020\/10\/esther.jpg\",\"contentUrl\":\"https:\/\/www.fleschadvogados.com.br\/wp-content\/uploads\/2020\/10\/esther.jpg\",\"caption\":\"Esther Flesch\"},\"description\":\"Esther Flesch conta com 30 anos de experi\\u00eancia e \\u00e9 reconhecida por diversas publica\\u00e7\\u00f5es especializadas como um das principais profissionais no Brasil e na Am\\u00e9rica Latina nas \\u00e1reas de compliance e investiga\\u00e7\\u00f5es internas. Tem atua\\u00e7\\u00e3o destacada tamb\\u00e9m nos segmentos de LifeSciences e Sa\\u00fade, na ind\\u00fastria digital e de TI.\"}]}<\/script>\n<!-- \/ Yoast SEO plugin. -->","_links":{"self":[{"href":"https:\/\/www.fleschadvogados.com.br\/en\/wp-json\/wp\/v2\/posts\/293"}],"collection":[{"href":"https:\/\/www.fleschadvogados.com.br\/en\/wp-json\/wp\/v2\/posts"}],"about":[{"href":"https:\/\/www.fleschadvogados.com.br\/en\/wp-json\/wp\/v2\/types\/post"}],"author":[{"embeddable":true,"href":"https:\/\/www.fleschadvogados.com.br\/en\/wp-json\/wp\/v2\/users\/2"}],"replies":[{"embeddable":true,"href":"https:\/\/www.fleschadvogados.com.br\/en\/wp-json\/wp\/v2\/comments?post=293"}],"version-history":[{"count":0,"href":"https:\/\/www.fleschadvogados.com.br\/en\/wp-json\/wp\/v2\/posts\/293\/revisions"}],"wp:featuredmedia":[{"embeddable":true,"href":"https:\/\/www.fleschadvogados.com.br\/en\/wp-json\/wp\/v2\/media\/225"}],"wp:attachment":[{"href":"https:\/\/www.fleschadvogados.com.br\/en\/wp-json\/wp\/v2\/media?parent=293"}],"wp:term":[{"taxonomy":"category","embeddable":true,"href":"https:\/\/www.fleschadvogados.com.br\/en\/wp-json\/wp\/v2\/categories?post=293"},{"taxonomy":"post_tag","embeddable":true,"href":"https:\/\/www.fleschadvogados.com.br\/en\/wp-json\/wp\/v2\/tags?post=293"}],"curies":[{"name":"wp","href":"https:\/\/api.w.org\/{rel}","templated":true}]}}