{"id":295,"date":"2019-05-20T15:23:47","date_gmt":"2019-05-20T18:23:47","guid":{"rendered":"http:\/\/www.fleschadvogados.com.br\/publicacoes\/palestra-esther-flesch-as-melhores-praticas-em-investigacoes-internas-e-o-provimento-188-2-018-da-oab\/"},"modified":"2020-10-14T16:32:17","modified_gmt":"2020-10-14T19:32:17","slug":"palestra-esther-flesch-as-melhores-praticas-em-investigacoes-internas-e-o-provimento-188-2-018-da-oab","status":"publish","type":"post","link":"https:\/\/www.fleschadvogados.com.br\/en\/publicacoes\/palestra-esther-flesch-as-melhores-praticas-em-investigacoes-internas-e-o-provimento-188-2-018-da-oab\/","title":{"rendered":"Palestra Esther Flesch: \u201cAs melhores pr\u00e1ticas em investiga\u00e7\u00f5es internas e o provimento 188\/2.018 da OAB\u201d"},"content":{"rendered":"<p>Na noite da \u00faltima ter\u00e7a-feira (21\/05) a advogada <strong>Esther Flesch<\/strong> \u2013 s\u00f3cia-fundador do <a href=\"https:\/\/www.linkedin.com\/company\/fleschadvogados\" target=\"_blank\" rel=\"noopener noreferrer\">Flesch Advogados<\/a> \u2013 esteve no Sal\u00e3o Nobre da OAB-SP para discutir \u201cAs melhores pr\u00e1ticas em investiga\u00e7\u00f5es internas e o provimento 188\/2.018 do Conselho Federal da OAB\u201d.<span id=\"more-170\"><\/span><\/p>\n<p>O Provimento, aprovado em dezembro de 2018, regulamenta o exerc\u00edcio da prerrogativa profissional do advogado de realizar dilig\u00eancias investigat\u00f3rias. Entre outras orienta\u00e7\u00f5es estabelece que advogados podem conduzir investiga\u00e7\u00f5es defensivas \u2013 com ou sem a participa\u00e7\u00e3o de consultores t\u00e9cnicos como \u201cperitos, t\u00e9cnicos e auxiliares de trabalhos de campo\u201d \u2013 para a produ\u00e7\u00e3o de provas em quest\u00f5es referentes a revis\u00e3o criminal, quest\u00f5es recursais, Habeas Corpus e para propor acordos de colabora\u00e7\u00e3o premiada ou leni\u00eancia, entre outras finalidades.<\/p>\n<p>Para ter acesso \u00e0 <a href=\"http:\/\/bit.ly\/palestraeflesch188\" target=\"_blank\" rel=\"noopener noreferrer\">apresenta\u00e7\u00e3o completa clique aqui<\/a>.<\/p>\n<figure id=\"attachment_237\" aria-describedby=\"caption-attachment-237\" style=\"width: 640px\" class=\"wp-caption alignnone\"><img loading=\"lazy\" class=\"wp-image-238 size-large\" src=\"http:\/\/www.fleschadvogados.com.br\/wp-content\/uploads\/2020\/10\/esther-flesch-oab-6-1024x683.jpg\" alt=\"\" width=\"640\" height=\"427\" srcset=\"https:\/\/www.fleschadvogados.com.br\/wp-content\/uploads\/2020\/10\/esther-flesch-oab-6-1024x683.jpg 1024w, https:\/\/www.fleschadvogados.com.br\/wp-content\/uploads\/2020\/10\/esther-flesch-oab-6-300x200.jpg 300w, https:\/\/www.fleschadvogados.com.br\/wp-content\/uploads\/2020\/10\/esther-flesch-oab-6-768x512.jpg 768w, https:\/\/www.fleschadvogados.com.br\/wp-content\/uploads\/2020\/10\/esther-flesch-oab-6-1536x1024.jpg 1536w, https:\/\/www.fleschadvogados.com.br\/wp-content\/uploads\/2020\/10\/esther-flesch-oab-6-960x640.jpg 960w, https:\/\/www.fleschadvogados.com.br\/wp-content\/uploads\/2020\/10\/esther-flesch-oab-6.jpg 1600w\" sizes=\"(max-width: 640px) 100vw, 640px\" \/><figcaption id=\"caption-attachment-237\" class=\"wp-caption-text\">Esther Flesch durante palestra na OAB-SP<\/figcaption><\/figure>\n<p>&nbsp;<\/p>\n<figure id=\"attachment_245\" aria-describedby=\"caption-attachment-245\" style=\"width: 640px\" class=\"wp-caption alignnone\"><img loading=\"lazy\" class=\"wp-image-246 size-large\" src=\"http:\/\/www.fleschadvogados.com.br\/wp-content\/uploads\/2020\/10\/esther-flesch-oab-10-1024x783.jpg\" alt=\"\" width=\"640\" height=\"489\" srcset=\"https:\/\/www.fleschadvogados.com.br\/wp-content\/uploads\/2020\/10\/esther-flesch-oab-10-1024x783.jpg 1024w, https:\/\/www.fleschadvogados.com.br\/wp-content\/uploads\/2020\/10\/esther-flesch-oab-10-300x230.jpg 300w, https:\/\/www.fleschadvogados.com.br\/wp-content\/uploads\/2020\/10\/esther-flesch-oab-10-768x588.jpg 768w, https:\/\/www.fleschadvogados.com.br\/wp-content\/uploads\/2020\/10\/esther-flesch-oab-10-1536x1175.jpg 1536w, https:\/\/www.fleschadvogados.com.br\/wp-content\/uploads\/2020\/10\/esther-flesch-oab-10.jpg 1600w\" sizes=\"(max-width: 640px) 100vw, 640px\" \/><figcaption id=\"caption-attachment-245\" class=\"wp-caption-text\">Esther Flesch e Josu\u00e9 Berger de Assump\u00e7\u00e3o Neto em palestra na OAB-SP<\/figcaption><\/figure>\n<p>&nbsp;<\/p>\n<figure id=\"attachment_239\" aria-describedby=\"caption-attachment-239\" style=\"width: 640px\" class=\"wp-caption alignnone\"><img loading=\"lazy\" class=\"wp-image-240 size-large\" src=\"http:\/\/www.fleschadvogados.com.br\/wp-content\/uploads\/2020\/10\/esther-flesch-oab-7-1024x683.jpg\" alt=\"\" width=\"640\" height=\"427\" srcset=\"https:\/\/www.fleschadvogados.com.br\/wp-content\/uploads\/2020\/10\/esther-flesch-oab-7-1024x683.jpg 1024w, https:\/\/www.fleschadvogados.com.br\/wp-content\/uploads\/2020\/10\/esther-flesch-oab-7-300x200.jpg 300w, https:\/\/www.fleschadvogados.com.br\/wp-content\/uploads\/2020\/10\/esther-flesch-oab-7-768x512.jpg 768w, https:\/\/www.fleschadvogados.com.br\/wp-content\/uploads\/2020\/10\/esther-flesch-oab-7-1536x1024.jpg 1536w, https:\/\/www.fleschadvogados.com.br\/wp-content\/uploads\/2020\/10\/esther-flesch-oab-7-960x640.jpg 960w, https:\/\/www.fleschadvogados.com.br\/wp-content\/uploads\/2020\/10\/esther-flesch-oab-7.jpg 1600w\" sizes=\"(max-width: 640px) 100vw, 640px\" \/><figcaption id=\"caption-attachment-239\" class=\"wp-caption-text\">Esther Flesch durante palestra na OAB-SP<\/figcaption><\/figure>\n<p>&nbsp;<\/p>\n<figure id=\"attachment_235\" aria-describedby=\"caption-attachment-235\" style=\"width: 640px\" class=\"wp-caption alignnone\"><img loading=\"lazy\" class=\"wp-image-236 size-large\" src=\"http:\/\/www.fleschadvogados.com.br\/wp-content\/uploads\/2020\/10\/esther-flesch-oab-4-1024x683.jpg\" alt=\"\" width=\"640\" height=\"427\" srcset=\"https:\/\/www.fleschadvogados.com.br\/wp-content\/uploads\/2020\/10\/esther-flesch-oab-4-1024x683.jpg 1024w, https:\/\/www.fleschadvogados.com.br\/wp-content\/uploads\/2020\/10\/esther-flesch-oab-4-300x200.jpg 300w, https:\/\/www.fleschadvogados.com.br\/wp-content\/uploads\/2020\/10\/esther-flesch-oab-4-768x512.jpg 768w, https:\/\/www.fleschadvogados.com.br\/wp-content\/uploads\/2020\/10\/esther-flesch-oab-4-1536x1024.jpg 1536w, https:\/\/www.fleschadvogados.com.br\/wp-content\/uploads\/2020\/10\/esther-flesch-oab-4-960x640.jpg 960w, https:\/\/www.fleschadvogados.com.br\/wp-content\/uploads\/2020\/10\/esther-flesch-oab-4.jpg 1600w\" sizes=\"(max-width: 640px) 100vw, 640px\" \/><figcaption id=\"caption-attachment-235\" class=\"wp-caption-text\">(da esq. para a dir.) Pedro Ciccone do Ciccone, Castro &amp; Damian Advogados; Josu\u00e9 Berger de Assump\u00e7\u00e3o Neto do Assump\u00e7\u00e3o &amp; Advogados Associados e presidente da mesa representando a OAB-SP; a palestrante Esther Flesch; Alfredo Atti\u00e9 Jr., desembargador do TJSP e presidente da Academia Paulista de Direito (APD) que comp\u00f4s a mesa da palestra; e o advogado e executivo Jos\u00e9 Otto Segui Tempor\u00e3o<\/figcaption><\/figure>\n<p>&nbsp;<\/p>\n<figure id=\"attachment_233\" aria-describedby=\"caption-attachment-233\" style=\"width: 640px\" class=\"wp-caption alignnone\"><img loading=\"lazy\" class=\"wp-image-234 size-large\" src=\"http:\/\/www.fleschadvogados.com.br\/wp-content\/uploads\/2020\/10\/esther-flesch-oab-3-1024x683.jpg\" alt=\"\" width=\"640\" height=\"427\" srcset=\"https:\/\/www.fleschadvogados.com.br\/wp-content\/uploads\/2020\/10\/esther-flesch-oab-3-1024x683.jpg 1024w, https:\/\/www.fleschadvogados.com.br\/wp-content\/uploads\/2020\/10\/esther-flesch-oab-3-300x200.jpg 300w, https:\/\/www.fleschadvogados.com.br\/wp-content\/uploads\/2020\/10\/esther-flesch-oab-3-768x512.jpg 768w, https:\/\/www.fleschadvogados.com.br\/wp-content\/uploads\/2020\/10\/esther-flesch-oab-3-1536x1024.jpg 1536w, https:\/\/www.fleschadvogados.com.br\/wp-content\/uploads\/2020\/10\/esther-flesch-oab-3-960x640.jpg 960w, https:\/\/www.fleschadvogados.com.br\/wp-content\/uploads\/2020\/10\/esther-flesch-oab-3.jpg 1600w\" sizes=\"(max-width: 640px) 100vw, 640px\" \/><figcaption id=\"caption-attachment-233\" class=\"wp-caption-text\">(da esq. para a dir.) Pedro Ciccone do Ciccone, Castro &amp; Damian Advogados; Alisson Fabro do Tauil &amp; Chequer Advogados; a palestrante Esther Flesch; Leonardo Damian do Ciccone, Castro &amp; Damian Advogados; e Josu\u00e9 Berger de Assump\u00e7\u00e3o Neto do Assump\u00e7\u00e3o &amp; Advogados Associados e presidente da mesa representando a OAB-SP<\/figcaption><\/figure>\n","protected":false},"excerpt":{"rendered":"<p>Na noite da \u00faltima ter\u00e7a-feira (21\/05) a advogada Esther Flesch \u2013 s\u00f3cia-fundador do Flesch Advogados \u2013 esteve no Sal\u00e3o Nobre da OAB-SP para discutir \u201cAs melhores pr\u00e1ticas em investiga\u00e7\u00f5es internas e o provimento 188\/2.018 do Conselho Federal da OAB\u201d. O Provimento, aprovado em dezembro de 2018, regulamenta o exerc\u00edcio da prerrogativa profissional do advogado de [&hellip;]<\/p>\n","protected":false},"author":2,"featured_media":240,"comment_status":"open","ping_status":"open","sticky":false,"template":"","format":"standard","meta":[],"categories":[32],"tags":[48,46,47],"yoast_head":"<!-- This site is optimized with the Yoast SEO plugin v16.1.1 - https:\/\/yoast.com\/wordpress\/plugins\/seo\/ -->\n<title>Palestra Esther Flesch: \u201cAs melhores pr\u00e1ticas em investiga\u00e7\u00f5es internas e o provimento 188\/2.018 da OAB\u201d | Flesch Advogados<\/title>\n<meta name=\"robots\" content=\"index, follow, max-snippet:-1, max-image-preview:large, max-video-preview:-1\" \/>\n<link rel=\"canonical\" href=\"https:\/\/www.fleschadvogados.com.br\/en\/publicacoes\/palestra-esther-flesch-as-melhores-praticas-em-investigacoes-internas-e-o-provimento-188-2-018-da-oab\/\" \/>\n<meta property=\"og:locale\" content=\"en_US\" \/>\n<meta property=\"og:type\" content=\"article\" \/>\n<meta property=\"og:title\" content=\"Palestra Esther Flesch: \u201cAs melhores pr\u00e1ticas em investiga\u00e7\u00f5es internas e o provimento 188\/2.018 da OAB\u201d | Flesch Advogados\" \/>\n<meta property=\"og:description\" content=\"Na noite da \u00faltima ter\u00e7a-feira (21\/05) a advogada Esther Flesch \u2013 s\u00f3cia-fundador do Flesch Advogados \u2013 esteve no Sal\u00e3o Nobre da OAB-SP para discutir \u201cAs melhores pr\u00e1ticas em investiga\u00e7\u00f5es internas e o provimento 188\/2.018 do Conselho Federal da OAB\u201d. O Provimento, aprovado em dezembro de 2018, regulamenta o exerc\u00edcio da prerrogativa profissional do advogado de [&hellip;]\" \/>\n<meta property=\"og:url\" content=\"https:\/\/www.fleschadvogados.com.br\/en\/publicacoes\/palestra-esther-flesch-as-melhores-praticas-em-investigacoes-internas-e-o-provimento-188-2-018-da-oab\/\" \/>\n<meta property=\"og:site_name\" content=\"Flesch Advogados\" \/>\n<meta property=\"article:published_time\" content=\"2019-05-20T18:23:47+00:00\" \/>\n<meta property=\"article:modified_time\" content=\"2020-10-14T19:32:17+00:00\" \/>\n<meta property=\"og:image\" content=\"https:\/\/www.fleschadvogados.com.br\/wp-content\/uploads\/2020\/10\/esther-flesch-oab-7.jpg\" \/>\n\t<meta property=\"og:image:width\" content=\"1600\" \/>\n\t<meta property=\"og:image:height\" content=\"1067\" \/>\n<meta name=\"twitter:card\" content=\"summary_large_image\" \/>\n<meta name=\"twitter:label1\" content=\"Est. reading time\">\n\t<meta name=\"twitter:data1\" content=\"2 minutes\">\n<script type=\"application\/ld+json\" class=\"yoast-schema-graph\">{\"@context\":\"https:\/\/schema.org\",\"@graph\":[{\"@type\":\"Organization\",\"@id\":\"https:\/\/www.fleschadvogados.com.br\/#organization\",\"name\":\"Flesch Advogados\",\"url\":\"https:\/\/www.fleschadvogados.com.br\/\",\"sameAs\":[\"https:\/\/www.linkedin.com\/company\/fleschadvogados\/\"],\"logo\":{\"@type\":\"ImageObject\",\"@id\":\"https:\/\/www.fleschadvogados.com.br\/#logo\",\"inLanguage\":\"en-US\",\"url\":\"https:\/\/www.fleschadvogados.com.br\/wp-content\/uploads\/2021\/02\/cropped-favicon.png\",\"contentUrl\":\"https:\/\/www.fleschadvogados.com.br\/wp-content\/uploads\/2021\/02\/cropped-favicon.png\",\"width\":512,\"height\":512,\"caption\":\"Flesch Advogados\"},\"image\":{\"@id\":\"https:\/\/www.fleschadvogados.com.br\/#logo\"}},{\"@type\":\"WebSite\",\"@id\":\"https:\/\/www.fleschadvogados.com.br\/#website\",\"url\":\"https:\/\/www.fleschadvogados.com.br\/\",\"name\":\"Flesch Advogados\",\"description\":\"Compliance and reliability\",\"publisher\":{\"@id\":\"https:\/\/www.fleschadvogados.com.br\/#organization\"},\"potentialAction\":[{\"@type\":\"SearchAction\",\"target\":\"https:\/\/www.fleschadvogados.com.br\/?s={search_term_string}\",\"query-input\":\"required name=search_term_string\"}],\"inLanguage\":\"en-US\"},{\"@type\":\"ImageObject\",\"@id\":\"https:\/\/www.fleschadvogados.com.br\/en\/publicacoes\/palestra-esther-flesch-as-melhores-praticas-em-investigacoes-internas-e-o-provimento-188-2-018-da-oab\/#primaryimage\",\"inLanguage\":\"en-US\",\"url\":\"https:\/\/www.fleschadvogados.com.br\/wp-content\/uploads\/2020\/10\/esther-flesch-oab-7.jpg\",\"contentUrl\":\"https:\/\/www.fleschadvogados.com.br\/wp-content\/uploads\/2020\/10\/esther-flesch-oab-7.jpg\",\"width\":1600,\"height\":1067},{\"@type\":\"WebPage\",\"@id\":\"https:\/\/www.fleschadvogados.com.br\/en\/publicacoes\/palestra-esther-flesch-as-melhores-praticas-em-investigacoes-internas-e-o-provimento-188-2-018-da-oab\/#webpage\",\"url\":\"https:\/\/www.fleschadvogados.com.br\/en\/publicacoes\/palestra-esther-flesch-as-melhores-praticas-em-investigacoes-internas-e-o-provimento-188-2-018-da-oab\/\",\"name\":\"Palestra Esther Flesch: \\u201cAs melhores pr\\u00e1ticas em investiga\\u00e7\\u00f5es internas e o provimento 188\/2.018 da OAB\\u201d | Flesch Advogados\",\"isPartOf\":{\"@id\":\"https:\/\/www.fleschadvogados.com.br\/#website\"},\"primaryImageOfPage\":{\"@id\":\"https:\/\/www.fleschadvogados.com.br\/en\/publicacoes\/palestra-esther-flesch-as-melhores-praticas-em-investigacoes-internas-e-o-provimento-188-2-018-da-oab\/#primaryimage\"},\"datePublished\":\"2019-05-20T18:23:47+00:00\",\"dateModified\":\"2020-10-14T19:32:17+00:00\",\"breadcrumb\":{\"@id\":\"https:\/\/www.fleschadvogados.com.br\/en\/publicacoes\/palestra-esther-flesch-as-melhores-praticas-em-investigacoes-internas-e-o-provimento-188-2-018-da-oab\/#breadcrumb\"},\"inLanguage\":\"en-US\",\"potentialAction\":[{\"@type\":\"ReadAction\",\"target\":[\"https:\/\/www.fleschadvogados.com.br\/en\/publicacoes\/palestra-esther-flesch-as-melhores-praticas-em-investigacoes-internas-e-o-provimento-188-2-018-da-oab\/\"]}]},{\"@type\":\"BreadcrumbList\",\"@id\":\"https:\/\/www.fleschadvogados.com.br\/en\/publicacoes\/palestra-esther-flesch-as-melhores-praticas-em-investigacoes-internas-e-o-provimento-188-2-018-da-oab\/#breadcrumb\",\"itemListElement\":[{\"@type\":\"ListItem\",\"position\":1,\"item\":{\"@type\":\"WebPage\",\"@id\":\"https:\/\/www.fleschadvogados.com.br\/en\/\",\"url\":\"https:\/\/www.fleschadvogados.com.br\/en\/\",\"name\":\"In\\u00edcio\"}},{\"@type\":\"ListItem\",\"position\":2,\"item\":{\"@type\":\"WebPage\",\"@id\":\"https:\/\/www.fleschadvogados.com.br\/en\/publicacoes\/palestra-esther-flesch-as-melhores-praticas-em-investigacoes-internas-e-o-provimento-188-2-018-da-oab\/\",\"url\":\"https:\/\/www.fleschadvogados.com.br\/en\/publicacoes\/palestra-esther-flesch-as-melhores-praticas-em-investigacoes-internas-e-o-provimento-188-2-018-da-oab\/\",\"name\":\"Palestra Esther Flesch: \\u201cAs melhores pr\\u00e1ticas em investiga\\u00e7\\u00f5es internas e o provimento 188\/2.018 da OAB\\u201d\"}}]},{\"@type\":\"Article\",\"@id\":\"https:\/\/www.fleschadvogados.com.br\/en\/publicacoes\/palestra-esther-flesch-as-melhores-praticas-em-investigacoes-internas-e-o-provimento-188-2-018-da-oab\/#article\",\"isPartOf\":{\"@id\":\"https:\/\/www.fleschadvogados.com.br\/en\/publicacoes\/palestra-esther-flesch-as-melhores-praticas-em-investigacoes-internas-e-o-provimento-188-2-018-da-oab\/#webpage\"},\"author\":{\"@id\":\"https:\/\/www.fleschadvogados.com.br\/#\/schema\/person\/5be7772b3a6bbeee337c76cf251fc716\"},\"headline\":\"Palestra Esther Flesch: \\u201cAs melhores pr\\u00e1ticas em investiga\\u00e7\\u00f5es internas e o provimento 188\/2.018 da OAB\\u201d\",\"datePublished\":\"2019-05-20T18:23:47+00:00\",\"dateModified\":\"2020-10-14T19:32:17+00:00\",\"mainEntityOfPage\":{\"@id\":\"https:\/\/www.fleschadvogados.com.br\/en\/publicacoes\/palestra-esther-flesch-as-melhores-praticas-em-investigacoes-internas-e-o-provimento-188-2-018-da-oab\/#webpage\"},\"commentCount\":0,\"publisher\":{\"@id\":\"https:\/\/www.fleschadvogados.com.br\/#organization\"},\"image\":{\"@id\":\"https:\/\/www.fleschadvogados.com.br\/en\/publicacoes\/palestra-esther-flesch-as-melhores-praticas-em-investigacoes-internas-e-o-provimento-188-2-018-da-oab\/#primaryimage\"},\"keywords\":\"Internal Investigations,OAB-SP,Provimento 188\",\"articleSection\":\"News\",\"inLanguage\":\"en-US\",\"potentialAction\":[{\"@type\":\"CommentAction\",\"name\":\"Comment\",\"target\":[\"https:\/\/www.fleschadvogados.com.br\/en\/publicacoes\/palestra-esther-flesch-as-melhores-praticas-em-investigacoes-internas-e-o-provimento-188-2-018-da-oab\/#respond\"]}]},{\"@type\":\"Person\",\"@id\":\"https:\/\/www.fleschadvogados.com.br\/#\/schema\/person\/5be7772b3a6bbeee337c76cf251fc716\",\"name\":\"Esther Flesch\",\"image\":{\"@type\":\"ImageObject\",\"@id\":\"https:\/\/www.fleschadvogados.com.br\/#personlogo\",\"inLanguage\":\"en-US\",\"url\":\"https:\/\/www.fleschadvogados.com.br\/wp-content\/uploads\/2020\/10\/esther.jpg\",\"contentUrl\":\"https:\/\/www.fleschadvogados.com.br\/wp-content\/uploads\/2020\/10\/esther.jpg\",\"caption\":\"Esther Flesch\"},\"description\":\"Esther Flesch conta com 30 anos de experi\\u00eancia e \\u00e9 reconhecida por diversas publica\\u00e7\\u00f5es especializadas como um das principais profissionais no Brasil e na Am\\u00e9rica Latina nas \\u00e1reas de compliance e investiga\\u00e7\\u00f5es internas. Tem atua\\u00e7\\u00e3o destacada tamb\\u00e9m nos segmentos de LifeSciences e Sa\\u00fade, na ind\\u00fastria digital e de TI.\"}]}<\/script>\n<!-- \/ Yoast SEO plugin. -->","_links":{"self":[{"href":"https:\/\/www.fleschadvogados.com.br\/en\/wp-json\/wp\/v2\/posts\/295"}],"collection":[{"href":"https:\/\/www.fleschadvogados.com.br\/en\/wp-json\/wp\/v2\/posts"}],"about":[{"href":"https:\/\/www.fleschadvogados.com.br\/en\/wp-json\/wp\/v2\/types\/post"}],"author":[{"embeddable":true,"href":"https:\/\/www.fleschadvogados.com.br\/en\/wp-json\/wp\/v2\/users\/2"}],"replies":[{"embeddable":true,"href":"https:\/\/www.fleschadvogados.com.br\/en\/wp-json\/wp\/v2\/comments?post=295"}],"version-history":[{"count":0,"href":"https:\/\/www.fleschadvogados.com.br\/en\/wp-json\/wp\/v2\/posts\/295\/revisions"}],"wp:featuredmedia":[{"embeddable":true,"href":"https:\/\/www.fleschadvogados.com.br\/en\/wp-json\/wp\/v2\/media\/240"}],"wp:attachment":[{"href":"https:\/\/www.fleschadvogados.com.br\/en\/wp-json\/wp\/v2\/media?parent=295"}],"wp:term":[{"taxonomy":"category","embeddable":true,"href":"https:\/\/www.fleschadvogados.com.br\/en\/wp-json\/wp\/v2\/categories?post=295"},{"taxonomy":"post_tag","embeddable":true,"href":"https:\/\/www.fleschadvogados.com.br\/en\/wp-json\/wp\/v2\/tags?post=295"}],"curies":[{"name":"wp","href":"https:\/\/api.w.org\/{rel}","templated":true}]}}