{"id":297,"date":"2019-05-14T15:35:05","date_gmt":"2019-05-14T18:35:05","guid":{"rendered":"http:\/\/www.fleschadvogados.com.br\/publicacoes\/esther-flesch-participa-do-forum-abramed-na-hospitalar-2019\/"},"modified":"2020-10-14T16:23:04","modified_gmt":"2020-10-14T19:23:04","slug":"esther-flesch-participa-do-forum-abramed-na-hospitalar-2019","status":"publish","type":"post","link":"https:\/\/www.fleschadvogados.com.br\/en\/publicacoes\/esther-flesch-participa-do-forum-abramed-na-hospitalar-2019\/","title":{"rendered":"Esther Flesch participa do F\u00f3rum Abramed na Hospitalar 2019"},"content":{"rendered":"<div id=\"primary\" class=\"content-area\">\n<article id=\"post-166\" class=\"post-166 post type-post status-publish format-standard has-post-thumbnail hentry category-compliance category-esther-flesch category-saude tag-abramed tag-compliance tag-feira-hospitalar\">\n<div class=\"hentry-wrapper\">\n<div class=\"entry-content\">\n<p>A advogada e s\u00f3cio-fundador do Flesch Advogados, Esther Flesch, participar\u00e1 como mediadora do debate \u201cComo diferentes atores da cadeia de sa\u00fade podem contribuir na resolu\u00e7\u00e3o dos conflitos no setor?\u201d, parte do F\u00f3rum Abramed de \u00c9tica e Compliance na Sa\u00fade na Feira Hospitalar 2019.<\/p>\n<p>O painel \u201cCompliance na Sa\u00fade\u201d acontece no dia 23\/05 a partir das 14h30 e o debate ter\u00e1 in\u00edcio \u00e0s 15h50 com participa\u00e7\u00e3o de Claudia Cohn, presidente de Abramed (Associa\u00e7\u00e3o Brasileira de Medicina Diagn\u00f3stica), Jo\u00e3o Alceu Amoroso Lima, presidente da FenaSa\u00fade (Federa\u00e7\u00e3o Nacional de Sa\u00fade Suplementar) e o Promotor de Justi\u00e7a Reynaldo Mapelli.<span id=\"more-166\"><\/span><\/p>\n<p>Para saber mais e se inscrever no painel visite: <a href=\"http:\/\/bit.ly\/2YtP4NP\">http:\/\/bit.ly\/2YtP4NP<\/a>.<\/p>\n<p>Esther Flesch conta com 30 anos de experi\u00eancia e \u00e9 reconhecida por diversas publica\u00e7\u00f5es especializadas de prest\u00edgio como um das principais profissionais no Brasil e na Am\u00e9rica Latina nas \u00e1reas de compliance e investiga\u00e7\u00f5es internas. Tem atua\u00e7\u00e3o destacada tamb\u00e9m nos segmentos de <em>LifeSciences<\/em> e Sa\u00fade, na ind\u00fastria digital e de TI.<\/p>\n<p><strong>Servi\u00e7o<\/strong><\/p>\n<p>Debate \u201cComo diferentes atores da cadeia de sa\u00fade podem contribuir na resolu\u00e7\u00e3o dos conflitos no setor?\u201d no F\u00f3rum Abramed de \u00c9tica e Compliance na Sa\u00fade da Feira Hospitalar 2019.<\/p>\n<p>Quando: 23\/05 (5af) \u00e0s 15h50.<\/p>\n<p>Local: Feira Hospitalar 2019 \u2013 Expo Center Norte<\/p>\n<p>Inscri\u00e7\u00f5es: <a href=\"http:\/\/bit.ly\/2YtP4NP\">http:\/\/bit.ly\/2YtP4NP<\/a>.<\/p>\n<p>Realiza\u00e7\u00e3o: Abramed (Associa\u00e7\u00e3o Brasileira de Medicina Diagn\u00f3stica).<\/p>\n<p>&nbsp;<\/p>\n<p><a href=\"http:\/\/bit.ly\/2YtP4NP\" target=\"_blank\" rel=\"noopener noreferrer\"><img class=\"alignnone size-full wp-image-167\" src=\"https:\/\/estherfleschartigos.files.wordpress.com\/2019\/05\/esther-flesch-abramed-hospitalar.png?w=900\" sizes=\"(max-width: 900px) 100vw, 900px\" srcset=\"https:\/\/estherfleschartigos.files.wordpress.com\/2019\/05\/esther-flesch-abramed-hospitalar.png?w=900 900w, https:\/\/estherfleschartigos.files.wordpress.com\/2019\/05\/esther-flesch-abramed-hospitalar.png?w=53 53w, https:\/\/estherfleschartigos.files.wordpress.com\/2019\/05\/esther-flesch-abramed-hospitalar.png?w=105 105w, https:\/\/estherfleschartigos.files.wordpress.com\/2019\/05\/esther-flesch-abramed-hospitalar.png?w=768 768w, https:\/\/estherfleschartigos.files.wordpress.com\/2019\/05\/esther-flesch-abramed-hospitalar.png?w=360 360w, https:\/\/estherfleschartigos.files.wordpress.com\/2019\/05\/esther-flesch-abramed-hospitalar.png 1250w\" alt=\"esther-flesch-abramed-hospitalar\" data-attachment-id=\"167\" data-permalink=\"https:\/\/estherfleschartigos.com.br\/2019\/05\/14\/esther-flesch-participa-do-forum-abramed-na-hospitalar-2019\/esther-flesch-abramed-hospitalar\/\" data-orig-file=\"https:\/\/estherfleschartigos.files.wordpress.com\/2019\/05\/esther-flesch-abramed-hospitalar.png\" data-orig-size=\"1250,3555\" data-comments-opened=\"0\" data-image-meta=\"{&quot;aperture&quot;:&quot;0&quot;,&quot;credit&quot;:&quot;&quot;,&quot;camera&quot;:&quot;&quot;,&quot;caption&quot;:&quot;&quot;,&quot;created_timestamp&quot;:&quot;0&quot;,&quot;copyright&quot;:&quot;&quot;,&quot;focal_length&quot;:&quot;0&quot;,&quot;iso&quot;:&quot;0&quot;,&quot;shutter_speed&quot;:&quot;0&quot;,&quot;title&quot;:&quot;&quot;,&quot;orientation&quot;:&quot;0&quot;}\" data-image-title=\"esther-flesch-abramed-hospitalar\" data-image-description=\"\" data-medium-file=\"https:\/\/estherfleschartigos.files.wordpress.com\/2019\/05\/esther-flesch-abramed-hospitalar.png?w=105\" data-large-file=\"https:\/\/estherfleschartigos.files.wordpress.com\/2019\/05\/esther-flesch-abramed-hospitalar.png?w=360\" \/><\/a><\/p>\n<\/div>\n<\/div>\n<\/article>\n<p>&nbsp;<\/p>\n<\/div>\n","protected":false},"excerpt":{"rendered":"<p>A advogada e s\u00f3cio-fundador do Flesch Advogados, Esther Flesch, participar\u00e1 como mediadora do debate \u201cComo diferentes atores da cadeia de sa\u00fade podem contribuir na resolu\u00e7\u00e3o dos conflitos no setor?\u201d, parte do F\u00f3rum Abramed de \u00c9tica e Compliance na Sa\u00fade na Feira Hospitalar 2019. O painel \u201cCompliance na Sa\u00fade\u201d acontece no dia 23\/05 a partir das [&hellip;]<\/p>\n","protected":false},"author":2,"featured_media":230,"comment_status":"open","ping_status":"open","sticky":false,"template":"","format":"standard","meta":[],"categories":[31],"tags":[49],"yoast_head":"<!-- This site is optimized with the Yoast SEO plugin v16.1.1 - https:\/\/yoast.com\/wordpress\/plugins\/seo\/ -->\n<title>Esther Flesch participa do F\u00f3rum Abramed na Hospitalar 2019 | Flesch Advogados<\/title>\n<meta name=\"robots\" content=\"index, follow, max-snippet:-1, max-image-preview:large, max-video-preview:-1\" \/>\n<link rel=\"canonical\" href=\"https:\/\/www.fleschadvogados.com.br\/en\/publicacoes\/esther-flesch-participa-do-forum-abramed-na-hospitalar-2019\/\" \/>\n<meta property=\"og:locale\" content=\"en_US\" \/>\n<meta property=\"og:type\" content=\"article\" \/>\n<meta property=\"og:title\" content=\"Esther Flesch participa do F\u00f3rum Abramed na Hospitalar 2019 | Flesch Advogados\" \/>\n<meta property=\"og:description\" content=\"A advogada e s\u00f3cio-fundador do Flesch Advogados, Esther Flesch, participar\u00e1 como mediadora do debate \u201cComo diferentes atores da cadeia de sa\u00fade podem contribuir na resolu\u00e7\u00e3o dos conflitos no setor?\u201d, parte do F\u00f3rum Abramed de \u00c9tica e Compliance na Sa\u00fade na Feira Hospitalar 2019. O painel \u201cCompliance na Sa\u00fade\u201d acontece no dia 23\/05 a partir das [&hellip;]\" \/>\n<meta property=\"og:url\" content=\"https:\/\/www.fleschadvogados.com.br\/en\/publicacoes\/esther-flesch-participa-do-forum-abramed-na-hospitalar-2019\/\" \/>\n<meta property=\"og:site_name\" content=\"Flesch Advogados\" \/>\n<meta property=\"article:published_time\" content=\"2019-05-14T18:35:05+00:00\" \/>\n<meta property=\"article:modified_time\" content=\"2020-10-14T19:23:04+00:00\" \/>\n<meta property=\"og:image\" content=\"https:\/\/www.fleschadvogados.com.br\/wp-content\/uploads\/2020\/10\/esther-flesch-abramed.jpg\" \/>\n\t<meta property=\"og:image:width\" content=\"774\" \/>\n\t<meta property=\"og:image:height\" content=\"768\" \/>\n<meta name=\"twitter:card\" content=\"summary_large_image\" \/>\n<meta name=\"twitter:label1\" content=\"Est. reading time\">\n\t<meta name=\"twitter:data1\" content=\"1 minute\">\n<script type=\"application\/ld+json\" class=\"yoast-schema-graph\">{\"@context\":\"https:\/\/schema.org\",\"@graph\":[{\"@type\":\"Organization\",\"@id\":\"https:\/\/www.fleschadvogados.com.br\/#organization\",\"name\":\"Flesch Advogados\",\"url\":\"https:\/\/www.fleschadvogados.com.br\/\",\"sameAs\":[\"https:\/\/www.linkedin.com\/company\/fleschadvogados\/\"],\"logo\":{\"@type\":\"ImageObject\",\"@id\":\"https:\/\/www.fleschadvogados.com.br\/#logo\",\"inLanguage\":\"en-US\",\"url\":\"https:\/\/www.fleschadvogados.com.br\/wp-content\/uploads\/2021\/02\/cropped-favicon.png\",\"contentUrl\":\"https:\/\/www.fleschadvogados.com.br\/wp-content\/uploads\/2021\/02\/cropped-favicon.png\",\"width\":512,\"height\":512,\"caption\":\"Flesch Advogados\"},\"image\":{\"@id\":\"https:\/\/www.fleschadvogados.com.br\/#logo\"}},{\"@type\":\"WebSite\",\"@id\":\"https:\/\/www.fleschadvogados.com.br\/#website\",\"url\":\"https:\/\/www.fleschadvogados.com.br\/\",\"name\":\"Flesch Advogados\",\"description\":\"Compliance and reliability\",\"publisher\":{\"@id\":\"https:\/\/www.fleschadvogados.com.br\/#organization\"},\"potentialAction\":[{\"@type\":\"SearchAction\",\"target\":\"https:\/\/www.fleschadvogados.com.br\/?s={search_term_string}\",\"query-input\":\"required name=search_term_string\"}],\"inLanguage\":\"en-US\"},{\"@type\":\"ImageObject\",\"@id\":\"https:\/\/www.fleschadvogados.com.br\/en\/publicacoes\/esther-flesch-participa-do-forum-abramed-na-hospitalar-2019\/#primaryimage\",\"inLanguage\":\"en-US\",\"url\":\"https:\/\/www.fleschadvogados.com.br\/wp-content\/uploads\/2020\/10\/esther-flesch-abramed.jpg\",\"contentUrl\":\"https:\/\/www.fleschadvogados.com.br\/wp-content\/uploads\/2020\/10\/esther-flesch-abramed.jpg\",\"width\":774,\"height\":768},{\"@type\":\"WebPage\",\"@id\":\"https:\/\/www.fleschadvogados.com.br\/en\/publicacoes\/esther-flesch-participa-do-forum-abramed-na-hospitalar-2019\/#webpage\",\"url\":\"https:\/\/www.fleschadvogados.com.br\/en\/publicacoes\/esther-flesch-participa-do-forum-abramed-na-hospitalar-2019\/\",\"name\":\"Esther Flesch participa do F\\u00f3rum Abramed na Hospitalar 2019 | Flesch Advogados\",\"isPartOf\":{\"@id\":\"https:\/\/www.fleschadvogados.com.br\/#website\"},\"primaryImageOfPage\":{\"@id\":\"https:\/\/www.fleschadvogados.com.br\/en\/publicacoes\/esther-flesch-participa-do-forum-abramed-na-hospitalar-2019\/#primaryimage\"},\"datePublished\":\"2019-05-14T18:35:05+00:00\",\"dateModified\":\"2020-10-14T19:23:04+00:00\",\"breadcrumb\":{\"@id\":\"https:\/\/www.fleschadvogados.com.br\/en\/publicacoes\/esther-flesch-participa-do-forum-abramed-na-hospitalar-2019\/#breadcrumb\"},\"inLanguage\":\"en-US\",\"potentialAction\":[{\"@type\":\"ReadAction\",\"target\":[\"https:\/\/www.fleschadvogados.com.br\/en\/publicacoes\/esther-flesch-participa-do-forum-abramed-na-hospitalar-2019\/\"]}]},{\"@type\":\"BreadcrumbList\",\"@id\":\"https:\/\/www.fleschadvogados.com.br\/en\/publicacoes\/esther-flesch-participa-do-forum-abramed-na-hospitalar-2019\/#breadcrumb\",\"itemListElement\":[{\"@type\":\"ListItem\",\"position\":1,\"item\":{\"@type\":\"WebPage\",\"@id\":\"https:\/\/www.fleschadvogados.com.br\/en\/\",\"url\":\"https:\/\/www.fleschadvogados.com.br\/en\/\",\"name\":\"In\\u00edcio\"}},{\"@type\":\"ListItem\",\"position\":2,\"item\":{\"@type\":\"WebPage\",\"@id\":\"https:\/\/www.fleschadvogados.com.br\/en\/publicacoes\/esther-flesch-participa-do-forum-abramed-na-hospitalar-2019\/\",\"url\":\"https:\/\/www.fleschadvogados.com.br\/en\/publicacoes\/esther-flesch-participa-do-forum-abramed-na-hospitalar-2019\/\",\"name\":\"Esther Flesch participa do F\\u00f3rum Abramed na Hospitalar 2019\"}}]},{\"@type\":\"Article\",\"@id\":\"https:\/\/www.fleschadvogados.com.br\/en\/publicacoes\/esther-flesch-participa-do-forum-abramed-na-hospitalar-2019\/#article\",\"isPartOf\":{\"@id\":\"https:\/\/www.fleschadvogados.com.br\/en\/publicacoes\/esther-flesch-participa-do-forum-abramed-na-hospitalar-2019\/#webpage\"},\"author\":{\"@id\":\"https:\/\/www.fleschadvogados.com.br\/#\/schema\/person\/5be7772b3a6bbeee337c76cf251fc716\"},\"headline\":\"Esther Flesch participa do F\\u00f3rum Abramed na Hospitalar 2019\",\"datePublished\":\"2019-05-14T18:35:05+00:00\",\"dateModified\":\"2020-10-14T19:23:04+00:00\",\"mainEntityOfPage\":{\"@id\":\"https:\/\/www.fleschadvogados.com.br\/en\/publicacoes\/esther-flesch-participa-do-forum-abramed-na-hospitalar-2019\/#webpage\"},\"commentCount\":0,\"publisher\":{\"@id\":\"https:\/\/www.fleschadvogados.com.br\/#organization\"},\"image\":{\"@id\":\"https:\/\/www.fleschadvogados.com.br\/en\/publicacoes\/esther-flesch-participa-do-forum-abramed-na-hospitalar-2019\/#primaryimage\"},\"keywords\":\"Abramed\",\"articleSection\":\"Events\",\"inLanguage\":\"en-US\",\"potentialAction\":[{\"@type\":\"CommentAction\",\"name\":\"Comment\",\"target\":[\"https:\/\/www.fleschadvogados.com.br\/en\/publicacoes\/esther-flesch-participa-do-forum-abramed-na-hospitalar-2019\/#respond\"]}]},{\"@type\":\"Person\",\"@id\":\"https:\/\/www.fleschadvogados.com.br\/#\/schema\/person\/5be7772b3a6bbeee337c76cf251fc716\",\"name\":\"Esther Flesch\",\"image\":{\"@type\":\"ImageObject\",\"@id\":\"https:\/\/www.fleschadvogados.com.br\/#personlogo\",\"inLanguage\":\"en-US\",\"url\":\"https:\/\/www.fleschadvogados.com.br\/wp-content\/uploads\/2020\/10\/esther.jpg\",\"contentUrl\":\"https:\/\/www.fleschadvogados.com.br\/wp-content\/uploads\/2020\/10\/esther.jpg\",\"caption\":\"Esther Flesch\"},\"description\":\"Esther Flesch conta com 30 anos de experi\\u00eancia e \\u00e9 reconhecida por diversas publica\\u00e7\\u00f5es especializadas como um das principais profissionais no Brasil e na Am\\u00e9rica Latina nas \\u00e1reas de compliance e investiga\\u00e7\\u00f5es internas. Tem atua\\u00e7\\u00e3o destacada tamb\\u00e9m nos segmentos de LifeSciences e Sa\\u00fade, na ind\\u00fastria digital e de TI.\"}]}<\/script>\n<!-- \/ Yoast SEO plugin. -->","_links":{"self":[{"href":"https:\/\/www.fleschadvogados.com.br\/en\/wp-json\/wp\/v2\/posts\/297"}],"collection":[{"href":"https:\/\/www.fleschadvogados.com.br\/en\/wp-json\/wp\/v2\/posts"}],"about":[{"href":"https:\/\/www.fleschadvogados.com.br\/en\/wp-json\/wp\/v2\/types\/post"}],"author":[{"embeddable":true,"href":"https:\/\/www.fleschadvogados.com.br\/en\/wp-json\/wp\/v2\/users\/2"}],"replies":[{"embeddable":true,"href":"https:\/\/www.fleschadvogados.com.br\/en\/wp-json\/wp\/v2\/comments?post=297"}],"version-history":[{"count":0,"href":"https:\/\/www.fleschadvogados.com.br\/en\/wp-json\/wp\/v2\/posts\/297\/revisions"}],"wp:featuredmedia":[{"embeddable":true,"href":"https:\/\/www.fleschadvogados.com.br\/en\/wp-json\/wp\/v2\/media\/230"}],"wp:attachment":[{"href":"https:\/\/www.fleschadvogados.com.br\/en\/wp-json\/wp\/v2\/media?parent=297"}],"wp:term":[{"taxonomy":"category","embeddable":true,"href":"https:\/\/www.fleschadvogados.com.br\/en\/wp-json\/wp\/v2\/categories?post=297"},{"taxonomy":"post_tag","embeddable":true,"href":"https:\/\/www.fleschadvogados.com.br\/en\/wp-json\/wp\/v2\/tags?post=297"}],"curies":[{"name":"wp","href":"https:\/\/api.w.org\/{rel}","templated":true}]}}