{"id":299,"date":"2019-05-13T15:36:44","date_gmt":"2019-05-13T18:36:44","guid":{"rendered":"http:\/\/www.fleschadvogados.com.br\/publicacoes\/esther-flesch-discute-as-melhores-praticas-em-investigacoes-internas-e-o-provimento-188-da-oab-em-palestra\/"},"modified":"2020-10-14T16:32:17","modified_gmt":"2020-10-14T19:32:17","slug":"esther-flesch-discute-as-melhores-praticas-em-investigacoes-internas-e-o-provimento-188-da-oab-em-palestra","status":"publish","type":"post","link":"https:\/\/www.fleschadvogados.com.br\/en\/publicacoes\/esther-flesch-discute-as-melhores-praticas-em-investigacoes-internas-e-o-provimento-188-da-oab-em-palestra\/","title":{"rendered":"Esther Flesch discute as melhores pr\u00e1ticas em investiga\u00e7\u00f5es internas e o Provimento 188 da OAB em palestra"},"content":{"rendered":"<p>Em dezembro de 2018 foi aprovado o Provimento 188\/2018 do Conselho Federal da Ordem dos Advogados do Brasil (OAB) que regulamenta o exerc\u00edcio da prerrogativa profissional do advogado de realizar dilig\u00eancias investigat\u00f3rias. Entre outras orienta\u00e7\u00f5es estabelece que advogados podem conduzir investiga\u00e7\u00f5es defensivas \u2013 com ou sem a participa\u00e7\u00e3o de consultores t\u00e9cnicos como \u201cperitos, t\u00e9cnicos e auxiliares de trabalhos de campo\u201d \u2013 para a produ\u00e7\u00e3o de provas em quest\u00f5es referentes a revis\u00e3o criminal, quest\u00f5es recursais, Habeas Corpus e para propor acordos de colabora\u00e7\u00e3o premiada ou leni\u00eancia, entre outras finalidades.<span id=\"more-161\"><\/span><\/p>\n<p>Para discutir as consequ\u00eancias do rec\u00e9m-aprovado Provimento e a condu\u00e7\u00e3o de investiga\u00e7\u00f5es por advogados a s\u00f3cia-fundadora do Flesch Advogados, Esther Miriam Flesch, aceitou convite da seccional paulista da OAB e ir\u00e1 ministrar a palestra \u201cAs melhores pr\u00e1ticas em investiga\u00e7\u00f5es internas e o provimento 188\/2.018 do Conselho Federal da OAB\u201d no dia 21 de maio (3af) \u00e0s 19h.<\/p>\n<p>O evento acontece no Sal\u00e3o Nobre da OAB-SP que fica na Pra\u00e7a da S\u00e9, 385, as inscri\u00e7\u00f5es podem ser feitas diretamente no site da entidade clicando aqui: <a href=\"http:\/\/bit.ly\/2YvFavf\" target=\"_blank\" rel=\"noopener noreferrer\">http:\/\/bit.ly\/2YvFavf<\/a>.<\/p>\n<p><strong>Esther Flesch<\/strong> conta com 30 anos de experi\u00eancia e \u00e9 reconhecida por diversas publica\u00e7\u00f5es especializadas de prest\u00edgio como um das principais profissionais no Brasil e na Am\u00e9rica Latina nas \u00e1reas de compliance e investiga\u00e7\u00f5es internas. Tem atua\u00e7\u00e3o destacada tamb\u00e9m nos segmentos de LifeSciences e Sa\u00fade, na ind\u00fastria digital e de TI.<\/p>\n<p><strong>Servi\u00e7o<\/strong><\/p>\n<p>Palestra \u201cAs melhores pr\u00e1ticas em investiga\u00e7\u00f5es internas e o provimento 188\/2.018 do Conselho Federal da OAB\u201d<\/p>\n<p>Quando: 21\/05 (3af) \u00e0s 19h.<\/p>\n<p>Local: Sal\u00e3o Nobre da OAB-SP. Pra\u00e7a da S\u00e9, 385, 1\u00ba andar<\/p>\n<p>Inscri\u00e7\u00f5es: <a href=\"http:\/\/bit.ly\/2YvFavf\" target=\"_blank\" rel=\"noopener noreferrer\">http:\/\/bit.ly\/2YvFavf<\/a><\/p>\n<p>Promo\u00e7\u00e3o: Presidente da Comiss\u00e3o de Cultura e Eventos da OAB SP, Dr. Alexandre Luis Mendon\u00e7a Rollo<\/p>\n<p>O evento \u00e9 gratuito e as inscri\u00e7\u00f5es ser\u00e3o confirmadas mediante a doa\u00e7\u00e3o de uma lata ou pacote de leite integral em p\u00f3 (400g) na recep\u00e7\u00e3o do evento.<\/p>\n","protected":false},"excerpt":{"rendered":"<p>Em dezembro de 2018 foi aprovado o Provimento 188\/2018 do Conselho Federal da Ordem dos Advogados do Brasil (OAB) que regulamenta o exerc\u00edcio da prerrogativa profissional do advogado de realizar dilig\u00eancias investigat\u00f3rias. Entre outras orienta\u00e7\u00f5es estabelece que advogados podem conduzir investiga\u00e7\u00f5es defensivas \u2013 com ou sem a participa\u00e7\u00e3o de consultores t\u00e9cnicos como \u201cperitos, t\u00e9cnicos e [&hellip;]<\/p>\n","protected":false},"author":2,"featured_media":0,"comment_status":"open","ping_status":"open","sticky":false,"template":"","format":"standard","meta":[],"categories":[31],"tags":[34,46,47],"yoast_head":"<!-- This site is optimized with the Yoast SEO plugin v16.1.1 - https:\/\/yoast.com\/wordpress\/plugins\/seo\/ -->\n<title>Esther Flesch discute as melhores pr\u00e1ticas em investiga\u00e7\u00f5es internas e o Provimento 188 da OAB em palestra | Flesch Advogados<\/title>\n<meta name=\"robots\" content=\"index, follow, max-snippet:-1, max-image-preview:large, max-video-preview:-1\" \/>\n<link rel=\"canonical\" href=\"https:\/\/www.fleschadvogados.com.br\/en\/publicacoes\/esther-flesch-discute-as-melhores-praticas-em-investigacoes-internas-e-o-provimento-188-da-oab-em-palestra\/\" \/>\n<meta property=\"og:locale\" content=\"en_US\" \/>\n<meta property=\"og:type\" content=\"article\" \/>\n<meta property=\"og:title\" content=\"Esther Flesch discute as melhores pr\u00e1ticas em investiga\u00e7\u00f5es internas e o Provimento 188 da OAB em palestra | Flesch Advogados\" \/>\n<meta property=\"og:description\" content=\"Em dezembro de 2018 foi aprovado o Provimento 188\/2018 do Conselho Federal da Ordem dos Advogados do Brasil (OAB) que regulamenta o exerc\u00edcio da prerrogativa profissional do advogado de realizar dilig\u00eancias investigat\u00f3rias. Entre outras orienta\u00e7\u00f5es estabelece que advogados podem conduzir investiga\u00e7\u00f5es defensivas \u2013 com ou sem a participa\u00e7\u00e3o de consultores t\u00e9cnicos como \u201cperitos, t\u00e9cnicos e [&hellip;]\" \/>\n<meta property=\"og:url\" content=\"https:\/\/www.fleschadvogados.com.br\/en\/publicacoes\/esther-flesch-discute-as-melhores-praticas-em-investigacoes-internas-e-o-provimento-188-da-oab-em-palestra\/\" \/>\n<meta property=\"og:site_name\" content=\"Flesch Advogados\" \/>\n<meta property=\"article:published_time\" content=\"2019-05-13T18:36:44+00:00\" \/>\n<meta property=\"article:modified_time\" content=\"2020-10-14T19:32:17+00:00\" \/>\n<meta name=\"twitter:card\" content=\"summary_large_image\" \/>\n<meta name=\"twitter:label1\" content=\"Est. reading time\">\n\t<meta name=\"twitter:data1\" content=\"2 minutes\">\n<script type=\"application\/ld+json\" class=\"yoast-schema-graph\">{\"@context\":\"https:\/\/schema.org\",\"@graph\":[{\"@type\":\"Organization\",\"@id\":\"https:\/\/www.fleschadvogados.com.br\/#organization\",\"name\":\"Flesch Advogados\",\"url\":\"https:\/\/www.fleschadvogados.com.br\/\",\"sameAs\":[\"https:\/\/www.linkedin.com\/company\/fleschadvogados\/\"],\"logo\":{\"@type\":\"ImageObject\",\"@id\":\"https:\/\/www.fleschadvogados.com.br\/#logo\",\"inLanguage\":\"en-US\",\"url\":\"https:\/\/www.fleschadvogados.com.br\/wp-content\/uploads\/2021\/02\/cropped-favicon.png\",\"contentUrl\":\"https:\/\/www.fleschadvogados.com.br\/wp-content\/uploads\/2021\/02\/cropped-favicon.png\",\"width\":512,\"height\":512,\"caption\":\"Flesch Advogados\"},\"image\":{\"@id\":\"https:\/\/www.fleschadvogados.com.br\/#logo\"}},{\"@type\":\"WebSite\",\"@id\":\"https:\/\/www.fleschadvogados.com.br\/#website\",\"url\":\"https:\/\/www.fleschadvogados.com.br\/\",\"name\":\"Flesch Advogados\",\"description\":\"Compliance and reliability\",\"publisher\":{\"@id\":\"https:\/\/www.fleschadvogados.com.br\/#organization\"},\"potentialAction\":[{\"@type\":\"SearchAction\",\"target\":\"https:\/\/www.fleschadvogados.com.br\/?s={search_term_string}\",\"query-input\":\"required name=search_term_string\"}],\"inLanguage\":\"en-US\"},{\"@type\":\"WebPage\",\"@id\":\"https:\/\/www.fleschadvogados.com.br\/en\/publicacoes\/esther-flesch-discute-as-melhores-praticas-em-investigacoes-internas-e-o-provimento-188-da-oab-em-palestra\/#webpage\",\"url\":\"https:\/\/www.fleschadvogados.com.br\/en\/publicacoes\/esther-flesch-discute-as-melhores-praticas-em-investigacoes-internas-e-o-provimento-188-da-oab-em-palestra\/\",\"name\":\"Esther Flesch discute as melhores pr\\u00e1ticas em investiga\\u00e7\\u00f5es internas e o Provimento 188 da OAB em palestra | Flesch Advogados\",\"isPartOf\":{\"@id\":\"https:\/\/www.fleschadvogados.com.br\/#website\"},\"datePublished\":\"2019-05-13T18:36:44+00:00\",\"dateModified\":\"2020-10-14T19:32:17+00:00\",\"breadcrumb\":{\"@id\":\"https:\/\/www.fleschadvogados.com.br\/en\/publicacoes\/esther-flesch-discute-as-melhores-praticas-em-investigacoes-internas-e-o-provimento-188-da-oab-em-palestra\/#breadcrumb\"},\"inLanguage\":\"en-US\",\"potentialAction\":[{\"@type\":\"ReadAction\",\"target\":[\"https:\/\/www.fleschadvogados.com.br\/en\/publicacoes\/esther-flesch-discute-as-melhores-praticas-em-investigacoes-internas-e-o-provimento-188-da-oab-em-palestra\/\"]}]},{\"@type\":\"BreadcrumbList\",\"@id\":\"https:\/\/www.fleschadvogados.com.br\/en\/publicacoes\/esther-flesch-discute-as-melhores-praticas-em-investigacoes-internas-e-o-provimento-188-da-oab-em-palestra\/#breadcrumb\",\"itemListElement\":[{\"@type\":\"ListItem\",\"position\":1,\"item\":{\"@type\":\"WebPage\",\"@id\":\"https:\/\/www.fleschadvogados.com.br\/en\/\",\"url\":\"https:\/\/www.fleschadvogados.com.br\/en\/\",\"name\":\"In\\u00edcio\"}},{\"@type\":\"ListItem\",\"position\":2,\"item\":{\"@type\":\"WebPage\",\"@id\":\"https:\/\/www.fleschadvogados.com.br\/en\/publicacoes\/esther-flesch-discute-as-melhores-praticas-em-investigacoes-internas-e-o-provimento-188-da-oab-em-palestra\/\",\"url\":\"https:\/\/www.fleschadvogados.com.br\/en\/publicacoes\/esther-flesch-discute-as-melhores-praticas-em-investigacoes-internas-e-o-provimento-188-da-oab-em-palestra\/\",\"name\":\"Esther Flesch discute as melhores pr\\u00e1ticas em investiga\\u00e7\\u00f5es internas e o Provimento 188 da OAB em palestra\"}}]},{\"@type\":\"Article\",\"@id\":\"https:\/\/www.fleschadvogados.com.br\/en\/publicacoes\/esther-flesch-discute-as-melhores-praticas-em-investigacoes-internas-e-o-provimento-188-da-oab-em-palestra\/#article\",\"isPartOf\":{\"@id\":\"https:\/\/www.fleschadvogados.com.br\/en\/publicacoes\/esther-flesch-discute-as-melhores-praticas-em-investigacoes-internas-e-o-provimento-188-da-oab-em-palestra\/#webpage\"},\"author\":{\"@id\":\"https:\/\/www.fleschadvogados.com.br\/#\/schema\/person\/5be7772b3a6bbeee337c76cf251fc716\"},\"headline\":\"Esther Flesch discute as melhores pr\\u00e1ticas em investiga\\u00e7\\u00f5es internas e o Provimento 188 da OAB em palestra\",\"datePublished\":\"2019-05-13T18:36:44+00:00\",\"dateModified\":\"2020-10-14T19:32:17+00:00\",\"mainEntityOfPage\":{\"@id\":\"https:\/\/www.fleschadvogados.com.br\/en\/publicacoes\/esther-flesch-discute-as-melhores-praticas-em-investigacoes-internas-e-o-provimento-188-da-oab-em-palestra\/#webpage\"},\"commentCount\":0,\"publisher\":{\"@id\":\"https:\/\/www.fleschadvogados.com.br\/#organization\"},\"keywords\":\"Compliance,OAB-SP,Provimento 188\",\"articleSection\":\"Events\",\"inLanguage\":\"en-US\",\"potentialAction\":[{\"@type\":\"CommentAction\",\"name\":\"Comment\",\"target\":[\"https:\/\/www.fleschadvogados.com.br\/en\/publicacoes\/esther-flesch-discute-as-melhores-praticas-em-investigacoes-internas-e-o-provimento-188-da-oab-em-palestra\/#respond\"]}]},{\"@type\":\"Person\",\"@id\":\"https:\/\/www.fleschadvogados.com.br\/#\/schema\/person\/5be7772b3a6bbeee337c76cf251fc716\",\"name\":\"Esther Flesch\",\"image\":{\"@type\":\"ImageObject\",\"@id\":\"https:\/\/www.fleschadvogados.com.br\/#personlogo\",\"inLanguage\":\"en-US\",\"url\":\"https:\/\/www.fleschadvogados.com.br\/wp-content\/uploads\/2020\/10\/esther.jpg\",\"contentUrl\":\"https:\/\/www.fleschadvogados.com.br\/wp-content\/uploads\/2020\/10\/esther.jpg\",\"caption\":\"Esther Flesch\"},\"description\":\"Esther Flesch conta com 30 anos de experi\\u00eancia e \\u00e9 reconhecida por diversas publica\\u00e7\\u00f5es especializadas como um das principais profissionais no Brasil e na Am\\u00e9rica Latina nas \\u00e1reas de compliance e investiga\\u00e7\\u00f5es internas. Tem atua\\u00e7\\u00e3o destacada tamb\\u00e9m nos segmentos de LifeSciences e Sa\\u00fade, na ind\\u00fastria digital e de TI.\"}]}<\/script>\n<!-- \/ Yoast SEO plugin. -->","_links":{"self":[{"href":"https:\/\/www.fleschadvogados.com.br\/en\/wp-json\/wp\/v2\/posts\/299"}],"collection":[{"href":"https:\/\/www.fleschadvogados.com.br\/en\/wp-json\/wp\/v2\/posts"}],"about":[{"href":"https:\/\/www.fleschadvogados.com.br\/en\/wp-json\/wp\/v2\/types\/post"}],"author":[{"embeddable":true,"href":"https:\/\/www.fleschadvogados.com.br\/en\/wp-json\/wp\/v2\/users\/2"}],"replies":[{"embeddable":true,"href":"https:\/\/www.fleschadvogados.com.br\/en\/wp-json\/wp\/v2\/comments?post=299"}],"version-history":[{"count":0,"href":"https:\/\/www.fleschadvogados.com.br\/en\/wp-json\/wp\/v2\/posts\/299\/revisions"}],"wp:attachment":[{"href":"https:\/\/www.fleschadvogados.com.br\/en\/wp-json\/wp\/v2\/media?parent=299"}],"wp:term":[{"taxonomy":"category","embeddable":true,"href":"https:\/\/www.fleschadvogados.com.br\/en\/wp-json\/wp\/v2\/categories?post=299"},{"taxonomy":"post_tag","embeddable":true,"href":"https:\/\/www.fleschadvogados.com.br\/en\/wp-json\/wp\/v2\/tags?post=299"}],"curies":[{"name":"wp","href":"https:\/\/api.w.org\/{rel}","templated":true}]}}