{"id":688,"date":"2021-12-13T13:28:41","date_gmt":"2021-12-13T16:28:41","guid":{"rendered":"https:\/\/www.fleschadvogados.com.br\/?p=688"},"modified":"2021-12-13T13:28:41","modified_gmt":"2021-12-13T16:28:41","slug":"flesch-advogados-e-esther-flesch-sao-reconhecidos-na-edicao-de-2021-da-analise-advocacia","status":"publish","type":"post","link":"https:\/\/www.fleschadvogados.com.br\/en\/publicacoes\/flesch-advogados-e-esther-flesch-sao-reconhecidos-na-edicao-de-2021-da-analise-advocacia\/","title":{"rendered":"Flesch Advogados e Esther Flesch s\u00e3o reconhecidos na edi\u00e7\u00e3o de 2021 da An\u00e1lise Advocacia"},"content":{"rendered":"<p>O Flesch Advogados foi apontado como um dos escrit\u00f3rios mais admirados do pa\u00eds na mais recente edi\u00e7\u00e3o da An\u00e1lise Editorial pela sua atua\u00e7\u00e3o na \u00e1rea de Compliance entre os escrit\u00f3rios de atua\u00e7\u00e3o abrangente.<\/p>\n<p>Esther Flesch, s\u00f3cia-fundadora do Flesch Advogados, tamb\u00e9m foi reconhecida pela An\u00e1lise Advocacia como uma das advogadas mais admiradas do Brasil. Esther foi citada como destaque na \u00e1rea de Compliance, no setor econ\u00f4mico Qu\u00edmico e Petroqu\u00edmico e no estado de S\u00e3o Paulo.<\/p>\n<p>Esther j\u00e1 foi reconhecida no Brasil e no exterior nas \u00e1reas de Compliance, Propriedade Intelectual, Tecnologia e Telecomunica\u00e7\u00f5es, al\u00e9m de ter sido mencionada duas vezes na lista \u201cForty under 40\u201d da Latin Lawyer. Na edi\u00e7\u00e3o 2018 da Chambers Latin America, da Chambers and Partners, editora brit\u00e2nica que \u00e9 refer\u00eancia mundial de guias e de publica\u00e7\u00f5es voltadas para temas jur\u00eddicos, foi escolhida \u00fanica \u201cstar individual\u201d, categoria al\u00e9m do primeiro lugar, em compliance no Brasil. Tamb\u00e9m figurou entre as 100 mulheres do especial Women in Investigations, promovido pelo Global Investigations Review.<\/p>\n<h2><\/h2>\n<h2>Saiba mais sobre o Flesch Advogados<\/h2>\n<p>O Flesch Advogados atua na \u00e1rea preventiva e na resolu\u00e7\u00e3o de disputas com uma filosofia de trabalho focada no atendimento personalizado de seus clientes com busca da solu\u00e7\u00e3o efetiva de suas quest\u00f5es jur\u00eddicas. Idealizada com base na experi\u00eancia de 30 anos de atua\u00e7\u00e3o de sua s\u00f3cia-fundadora, a advogada Esther Flesch, a banca conta com uma equipe multidisciplinar e estabeleceu parcerias estrat\u00e9gicas para atuar na \u00e1rea preventiva e na resolu\u00e7\u00e3o de disputas.<\/p>\n<p>A equipe de Flesch Advogados \u00e9 formada por advogados com ampla experi\u00eancia em grandes escrit\u00f3rios e projetos relevantes, oferecendo a mesma qualidade do atendimento s\u00f3lido com uma estrutura mais enxuta que possibilita dedica\u00e7\u00e3o pessoal e eficiente aos seus clientes.<\/p>\n","protected":false},"excerpt":{"rendered":"<p>O Flesch Advogados foi apontado como um dos escrit\u00f3rios mais admirados do pa\u00eds na mais recente edi\u00e7\u00e3o da An\u00e1lise Editorial pela sua atua\u00e7\u00e3o na \u00e1rea de Compliance entre os escrit\u00f3rios de atua\u00e7\u00e3o abrangente. Esther Flesch, s\u00f3cia-fundadora do Flesch Advogados, tamb\u00e9m foi reconhecida pela An\u00e1lise Advocacia como uma das advogadas mais admiradas do Brasil. Esther foi [&hellip;]<\/p>\n","protected":false},"author":2,"featured_media":565,"comment_status":"open","ping_status":"open","sticky":false,"template":"","format":"standard","meta":[],"categories":[32],"tags":[],"yoast_head":"<!-- This site is optimized with the Yoast SEO plugin v16.1.1 - https:\/\/yoast.com\/wordpress\/plugins\/seo\/ -->\n<title>Flesch Advogados e Esther Flesch s\u00e3o reconhecidos na edi\u00e7\u00e3o de 2021 da An\u00e1lise Advocacia | Flesch Advogados<\/title>\n<meta name=\"robots\" content=\"index, follow, max-snippet:-1, max-image-preview:large, max-video-preview:-1\" \/>\n<link rel=\"canonical\" href=\"https:\/\/www.fleschadvogados.com.br\/en\/publicacoes\/flesch-advogados-e-esther-flesch-sao-reconhecidos-na-edicao-de-2021-da-analise-advocacia\/\" \/>\n<meta property=\"og:locale\" content=\"en_US\" \/>\n<meta property=\"og:type\" content=\"article\" \/>\n<meta property=\"og:title\" content=\"Flesch Advogados e Esther Flesch s\u00e3o reconhecidos na edi\u00e7\u00e3o de 2021 da An\u00e1lise Advocacia | Flesch Advogados\" \/>\n<meta property=\"og:description\" content=\"O Flesch Advogados foi apontado como um dos escrit\u00f3rios mais admirados do pa\u00eds na mais recente edi\u00e7\u00e3o da An\u00e1lise Editorial pela sua atua\u00e7\u00e3o na \u00e1rea de Compliance entre os escrit\u00f3rios de atua\u00e7\u00e3o abrangente. Esther Flesch, s\u00f3cia-fundadora do Flesch Advogados, tamb\u00e9m foi reconhecida pela An\u00e1lise Advocacia como uma das advogadas mais admiradas do Brasil. Esther foi [&hellip;]\" \/>\n<meta property=\"og:url\" content=\"https:\/\/www.fleschadvogados.com.br\/en\/publicacoes\/flesch-advogados-e-esther-flesch-sao-reconhecidos-na-edicao-de-2021-da-analise-advocacia\/\" \/>\n<meta property=\"og:site_name\" content=\"Flesch Advogados\" \/>\n<meta property=\"article:published_time\" content=\"2021-12-13T16:28:41+00:00\" \/>\n<meta property=\"og:image\" content=\"https:\/\/www.fleschadvogados.com.br\/wp-content\/uploads\/2021\/03\/Esther-Flesh-8.jpg\" \/>\n\t<meta property=\"og:image:width\" content=\"800\" \/>\n\t<meta property=\"og:image:height\" content=\"800\" \/>\n<meta name=\"twitter:card\" content=\"summary_large_image\" \/>\n<meta name=\"twitter:label1\" content=\"Est. reading time\">\n\t<meta name=\"twitter:data1\" content=\"2 minutes\">\n<script type=\"application\/ld+json\" class=\"yoast-schema-graph\">{\"@context\":\"https:\/\/schema.org\",\"@graph\":[{\"@type\":\"Organization\",\"@id\":\"https:\/\/www.fleschadvogados.com.br\/#organization\",\"name\":\"Flesch Advogados\",\"url\":\"https:\/\/www.fleschadvogados.com.br\/\",\"sameAs\":[\"https:\/\/www.linkedin.com\/company\/fleschadvogados\/\"],\"logo\":{\"@type\":\"ImageObject\",\"@id\":\"https:\/\/www.fleschadvogados.com.br\/#logo\",\"inLanguage\":\"en-US\",\"url\":\"https:\/\/www.fleschadvogados.com.br\/wp-content\/uploads\/2021\/02\/cropped-favicon.png\",\"contentUrl\":\"https:\/\/www.fleschadvogados.com.br\/wp-content\/uploads\/2021\/02\/cropped-favicon.png\",\"width\":512,\"height\":512,\"caption\":\"Flesch Advogados\"},\"image\":{\"@id\":\"https:\/\/www.fleschadvogados.com.br\/#logo\"}},{\"@type\":\"WebSite\",\"@id\":\"https:\/\/www.fleschadvogados.com.br\/#website\",\"url\":\"https:\/\/www.fleschadvogados.com.br\/\",\"name\":\"Flesch Advogados\",\"description\":\"Compliance and reliability\",\"publisher\":{\"@id\":\"https:\/\/www.fleschadvogados.com.br\/#organization\"},\"potentialAction\":[{\"@type\":\"SearchAction\",\"target\":\"https:\/\/www.fleschadvogados.com.br\/?s={search_term_string}\",\"query-input\":\"required name=search_term_string\"}],\"inLanguage\":\"en-US\"},{\"@type\":\"ImageObject\",\"@id\":\"https:\/\/www.fleschadvogados.com.br\/en\/publicacoes\/flesch-advogados-e-esther-flesch-sao-reconhecidos-na-edicao-de-2021-da-analise-advocacia\/#primaryimage\",\"inLanguage\":\"en-US\",\"url\":\"https:\/\/www.fleschadvogados.com.br\/wp-content\/uploads\/2021\/03\/Esther-Flesh-8.jpg\",\"contentUrl\":\"https:\/\/www.fleschadvogados.com.br\/wp-content\/uploads\/2021\/03\/Esther-Flesh-8.jpg\",\"width\":800,\"height\":800},{\"@type\":\"WebPage\",\"@id\":\"https:\/\/www.fleschadvogados.com.br\/en\/publicacoes\/flesch-advogados-e-esther-flesch-sao-reconhecidos-na-edicao-de-2021-da-analise-advocacia\/#webpage\",\"url\":\"https:\/\/www.fleschadvogados.com.br\/en\/publicacoes\/flesch-advogados-e-esther-flesch-sao-reconhecidos-na-edicao-de-2021-da-analise-advocacia\/\",\"name\":\"Flesch Advogados e Esther Flesch s\\u00e3o reconhecidos na edi\\u00e7\\u00e3o de 2021 da An\\u00e1lise Advocacia | Flesch Advogados\",\"isPartOf\":{\"@id\":\"https:\/\/www.fleschadvogados.com.br\/#website\"},\"primaryImageOfPage\":{\"@id\":\"https:\/\/www.fleschadvogados.com.br\/en\/publicacoes\/flesch-advogados-e-esther-flesch-sao-reconhecidos-na-edicao-de-2021-da-analise-advocacia\/#primaryimage\"},\"datePublished\":\"2021-12-13T16:28:41+00:00\",\"dateModified\":\"2021-12-13T16:28:41+00:00\",\"breadcrumb\":{\"@id\":\"https:\/\/www.fleschadvogados.com.br\/en\/publicacoes\/flesch-advogados-e-esther-flesch-sao-reconhecidos-na-edicao-de-2021-da-analise-advocacia\/#breadcrumb\"},\"inLanguage\":\"en-US\",\"potentialAction\":[{\"@type\":\"ReadAction\",\"target\":[\"https:\/\/www.fleschadvogados.com.br\/en\/publicacoes\/flesch-advogados-e-esther-flesch-sao-reconhecidos-na-edicao-de-2021-da-analise-advocacia\/\"]}]},{\"@type\":\"BreadcrumbList\",\"@id\":\"https:\/\/www.fleschadvogados.com.br\/en\/publicacoes\/flesch-advogados-e-esther-flesch-sao-reconhecidos-na-edicao-de-2021-da-analise-advocacia\/#breadcrumb\",\"itemListElement\":[{\"@type\":\"ListItem\",\"position\":1,\"item\":{\"@type\":\"WebPage\",\"@id\":\"https:\/\/www.fleschadvogados.com.br\/en\/\",\"url\":\"https:\/\/www.fleschadvogados.com.br\/en\/\",\"name\":\"In\\u00edcio\"}},{\"@type\":\"ListItem\",\"position\":2,\"item\":{\"@type\":\"WebPage\",\"@id\":\"https:\/\/www.fleschadvogados.com.br\/en\/publicacoes\/flesch-advogados-e-esther-flesch-sao-reconhecidos-na-edicao-de-2021-da-analise-advocacia\/\",\"url\":\"https:\/\/www.fleschadvogados.com.br\/en\/publicacoes\/flesch-advogados-e-esther-flesch-sao-reconhecidos-na-edicao-de-2021-da-analise-advocacia\/\",\"name\":\"Flesch Advogados e Esther Flesch s\\u00e3o reconhecidos na edi\\u00e7\\u00e3o de 2021 da An\\u00e1lise Advocacia\"}}]},{\"@type\":\"Article\",\"@id\":\"https:\/\/www.fleschadvogados.com.br\/en\/publicacoes\/flesch-advogados-e-esther-flesch-sao-reconhecidos-na-edicao-de-2021-da-analise-advocacia\/#article\",\"isPartOf\":{\"@id\":\"https:\/\/www.fleschadvogados.com.br\/en\/publicacoes\/flesch-advogados-e-esther-flesch-sao-reconhecidos-na-edicao-de-2021-da-analise-advocacia\/#webpage\"},\"author\":{\"@id\":\"https:\/\/www.fleschadvogados.com.br\/#\/schema\/person\/5be7772b3a6bbeee337c76cf251fc716\"},\"headline\":\"Flesch Advogados e Esther Flesch s\\u00e3o reconhecidos na edi\\u00e7\\u00e3o de 2021 da An\\u00e1lise Advocacia\",\"datePublished\":\"2021-12-13T16:28:41+00:00\",\"dateModified\":\"2021-12-13T16:28:41+00:00\",\"mainEntityOfPage\":{\"@id\":\"https:\/\/www.fleschadvogados.com.br\/en\/publicacoes\/flesch-advogados-e-esther-flesch-sao-reconhecidos-na-edicao-de-2021-da-analise-advocacia\/#webpage\"},\"commentCount\":0,\"publisher\":{\"@id\":\"https:\/\/www.fleschadvogados.com.br\/#organization\"},\"image\":{\"@id\":\"https:\/\/www.fleschadvogados.com.br\/en\/publicacoes\/flesch-advogados-e-esther-flesch-sao-reconhecidos-na-edicao-de-2021-da-analise-advocacia\/#primaryimage\"},\"articleSection\":\"News\",\"inLanguage\":\"en-US\",\"potentialAction\":[{\"@type\":\"CommentAction\",\"name\":\"Comment\",\"target\":[\"https:\/\/www.fleschadvogados.com.br\/en\/publicacoes\/flesch-advogados-e-esther-flesch-sao-reconhecidos-na-edicao-de-2021-da-analise-advocacia\/#respond\"]}]},{\"@type\":\"Person\",\"@id\":\"https:\/\/www.fleschadvogados.com.br\/#\/schema\/person\/5be7772b3a6bbeee337c76cf251fc716\",\"name\":\"Esther Flesch\",\"image\":{\"@type\":\"ImageObject\",\"@id\":\"https:\/\/www.fleschadvogados.com.br\/#personlogo\",\"inLanguage\":\"en-US\",\"url\":\"https:\/\/www.fleschadvogados.com.br\/wp-content\/uploads\/2020\/10\/esther.jpg\",\"contentUrl\":\"https:\/\/www.fleschadvogados.com.br\/wp-content\/uploads\/2020\/10\/esther.jpg\",\"caption\":\"Esther Flesch\"},\"description\":\"Esther Flesch conta com 30 anos de experi\\u00eancia e \\u00e9 reconhecida por diversas publica\\u00e7\\u00f5es especializadas como um das principais profissionais no Brasil e na Am\\u00e9rica Latina nas \\u00e1reas de compliance e investiga\\u00e7\\u00f5es internas. Tem atua\\u00e7\\u00e3o destacada tamb\\u00e9m nos segmentos de LifeSciences e Sa\\u00fade, na ind\\u00fastria digital e de TI.\"}]}<\/script>\n<!-- \/ Yoast SEO plugin. -->","_links":{"self":[{"href":"https:\/\/www.fleschadvogados.com.br\/en\/wp-json\/wp\/v2\/posts\/688"}],"collection":[{"href":"https:\/\/www.fleschadvogados.com.br\/en\/wp-json\/wp\/v2\/posts"}],"about":[{"href":"https:\/\/www.fleschadvogados.com.br\/en\/wp-json\/wp\/v2\/types\/post"}],"author":[{"embeddable":true,"href":"https:\/\/www.fleschadvogados.com.br\/en\/wp-json\/wp\/v2\/users\/2"}],"replies":[{"embeddable":true,"href":"https:\/\/www.fleschadvogados.com.br\/en\/wp-json\/wp\/v2\/comments?post=688"}],"version-history":[{"count":1,"href":"https:\/\/www.fleschadvogados.com.br\/en\/wp-json\/wp\/v2\/posts\/688\/revisions"}],"predecessor-version":[{"id":690,"href":"https:\/\/www.fleschadvogados.com.br\/en\/wp-json\/wp\/v2\/posts\/688\/revisions\/690"}],"wp:featuredmedia":[{"embeddable":true,"href":"https:\/\/www.fleschadvogados.com.br\/en\/wp-json\/wp\/v2\/media\/565"}],"wp:attachment":[{"href":"https:\/\/www.fleschadvogados.com.br\/en\/wp-json\/wp\/v2\/media?parent=688"}],"wp:term":[{"taxonomy":"category","embeddable":true,"href":"https:\/\/www.fleschadvogados.com.br\/en\/wp-json\/wp\/v2\/categories?post=688"},{"taxonomy":"post_tag","embeddable":true,"href":"https:\/\/www.fleschadvogados.com.br\/en\/wp-json\/wp\/v2\/tags?post=688"}],"curies":[{"name":"wp","href":"https:\/\/api.w.org\/{rel}","templated":true}]}}